{"id":863,"date":"2013-02-23T16:32:48","date_gmt":"2013-02-23T15:32:48","guid":{"rendered":"http:\/\/www.paparella.it\/blog\/?p=863"},"modified":"2013-03-05T09:24:19","modified_gmt":"2013-03-05T08:24:19","slug":"solo-grillo-non-risponde-alle-domande","status":"publish","type":"post","link":"https:\/\/www.paparella.it\/blog\/solo-grillo-non-risponde-alle-domande\/","title":{"rendered":"Solo Grillo non risponde alle domande?"},"content":{"rendered":"<figure style=\"width: 300px\" class=\"wp-caption alignright\"><a href=\"http:\/\/commons.wikipedia.org\/wiki\/File:Rosy_Bindi_RobertoVicario.jpg\" target=\"_blank\" rel=\"noopener\"><img fetchpriority=\"high\" decoding=\"async\" class=\"zemanta-img-inserted zemanta-img-configured\" title=\"Italian politician Rosy Bindi\" alt=\"Italian politician Rosy Bindi\" src=\"http:\/\/upload.wikimedia.org\/wikipedia\/commons\/thumb\/4\/4f\/Rosy_Bindi_RobertoVicario.jpg\/300px-Rosy_Bindi_RobertoVicario.jpg\" width=\"300\" height=\"200\" \/><\/a><figcaption class=\"wp-caption-text\">Italian politician Rosy Bindi (Photo credit: Wikipedia)<\/figcaption><\/figure>\n<p>Mi ero ripromesso di tacere fino al voto. Questa campagna elettorale non mi ha appassionato e, per dirla tutta, vedere le immagini di torte e cene politiche di taluni, mi ha disgustato. Sembravano scene d\u2019altri tempi, fuori luogo. Tristi.<br \/>\nLa politica semmai ha bisogno di sobriet\u00e0 e gesti di umilt\u00e0 e forse anche di un pizzico di etica calvinista nell\u2019esercizio delle funzioni pubbliche.<\/p>\n<p>Tornando al mio silenzio, ci sarei riuscito se non mi fossi imbattuto in un articolo pubblicato sul <strong>corrieredellasera.it<\/strong> dal titolo \u201c<a title=\"Convegno della Bindi, giornalista di \u00abReport\u00bb cacciato\" href=\"http:\/\/www.corriere.it\/inchieste\/reportime\/interviste\/rosy-bindi-contro-report\/5c0f2f1a-7c63-11e2-9e78-60bc36ab9097.shtml\" target=\"_blank\" rel=\"noopener\">Convegno della Bindi, giornalista di \u00abReport\u00bb cacciato<\/a>\u201d con video correlato che vi invito a guardare e ascoltare.<br \/>\nUn video che esalta l\u2019icona incarnata da una classe politica in declino, malata e degenerata, non pi\u00f9 aderente ad una societ\u00e0 moderna ed articolata, che elude il cambiamento e si arrocca sempre pi\u00f9 su posizioni di privilegio continuando a glissare totalmente la questione morale, mentre il Paese \u00e8 sommerso da scandali e ruberie. Noi sull\u2019uscio di casa assistiamo, increduli e sbigottiti, incapaci di reagire, indecisi, non sapendo se sbattergli la porta in faccia o farli accomodare e dargli ancora un\u2019altra possibilit\u00e0.<\/p>\n<p><strong>Rosy Bindi<\/strong> non poteva ricandidarsi secondo le regole che il Partito Democratico si era dato. Ma poi qualcuno si \u00e8 inventato la \u201cderoga\u201d ripescando la Bindi e Co.<br \/>\nIl 10 percento delle disponibilit\u00e0 delle candidature sottratte alle primarie ha fatto il resto, piazzando la Rosy Bindi capolista in Calabria, la Finocchiaro in Puglia, etc. etc.<\/p>\n<p>La sconfitta di <strong>Matteo Renzi<\/strong> nelle primarie del centro sinistra, etichettato come liberista, pidiellino, infiltrato nel Pd, in favore del conservatorismo di <strong>Bersani<\/strong>, rappresenta un punto di svolta che peser\u00e0 sul risultato di questa campagna elettorale.<br \/>\nE\u2019 venuta a mancare la componente moderna di un articolato centrosinistra, capace di innovare e coniugare un liberalismo democratico con forme di social-democrazia avanzata, che avrebbe avuto forza ed argomenti per svuotare le piazze di Grillo e incanalare la protesta verso una prospettiva politica di rinascita nazionale.<br \/>\nIl centrosinistra vincer\u00e0 queste elezioni (?), ma sar\u00e0 una vittoria di Pirro. Un\u2019occasione perduta per una primavera italiana tutta da venire.<\/p>\n<div class=\"zemanta-pixie\" style=\"margin-top: 10px; height: 15px;\"><a class=\"zemanta-pixie-a\" title=\"Enhanced by Zemanta\" href=\"http:\/\/www.zemanta.com\/?px\" target=\"_blank\" rel=\"noopener\"><img decoding=\"async\" class=\"zemanta-pixie-img\" style=\"border: none; float: right;\" alt=\"Enhanced by Zemanta\" src=\"http:\/\/img.zemanta.com\/zemified_e.png?x-id=2d7a3b69-34ae-4403-91f6-2b0743b66ce0\" \/><\/a><\/div>\n","protected":false},"excerpt":{"rendered":"<p>Mi ero ripromesso di tacere fino al voto. Questa campagna elettorale non mi ha appassionato e, per dirla tutta, vedere le immagini di torte e cene politiche di taluni, mi ha disgustato. Sembravano scene d\u2019altri tempi, fuori luogo. Tristi. La politica semmai ha bisogno di sobriet\u00e0 e gesti di umilt\u00e0 e forse anche di un [&hellip;]<\/p>\n","protected":false},"author":1,"featured_media":0,"comment_status":"open","ping_status":"open","sticky":false,"template":"","format":"standard","meta":{"ngg_post_thumbnail":0,"footnotes":""},"categories":[1],"tags":[92,90],"class_list":["post-863","post","type-post","status-publish","format-standard","hentry","category-politica","tag-beppe-grillo","tag-rosy-bindi"],"_links":{"self":[{"href":"https:\/\/www.paparella.it\/blog\/wp-json\/wp\/v2\/posts\/863","targetHints":{"allow":["GET"]}}],"collection":[{"href":"https:\/\/www.paparella.it\/blog\/wp-json\/wp\/v2\/posts"}],"about":[{"href":"https:\/\/www.paparella.it\/blog\/wp-json\/wp\/v2\/types\/post"}],"author":[{"embeddable":true,"href":"https:\/\/www.paparella.it\/blog\/wp-json\/wp\/v2\/users\/1"}],"replies":[{"embeddable":true,"href":"https:\/\/www.paparella.it\/blog\/wp-json\/wp\/v2\/comments?post=863"}],"version-history":[{"count":5,"href":"https:\/\/www.paparella.it\/blog\/wp-json\/wp\/v2\/posts\/863\/revisions"}],"predecessor-version":[{"id":972,"href":"https:\/\/www.paparella.it\/blog\/wp-json\/wp\/v2\/posts\/863\/revisions\/972"}],"wp:attachment":[{"href":"https:\/\/www.paparella.it\/blog\/wp-json\/wp\/v2\/media?parent=863"}],"wp:term":[{"taxonomy":"category","embeddable":true,"href":"https:\/\/www.paparella.it\/blog\/wp-json\/wp\/v2\/categories?post=863"},{"taxonomy":"post_tag","embeddable":true,"href":"https:\/\/www.paparella.it\/blog\/wp-json\/wp\/v2\/tags?post=863"}],"curies":[{"name":"wp","href":"https:\/\/api.w.org\/{rel}","templated":true}]}}