{"id":8118,"date":"2025-06-27T09:05:00","date_gmt":"2025-06-27T07:05:00","guid":{"rendered":"https:\/\/www.paparella.it\/blog\/?p=8118"},"modified":"2025-06-28T09:16:28","modified_gmt":"2025-06-28T07:16:28","slug":"modugno-al-via-la-xvi-edizione-di-driffest-festival-cinemaletteratura-del-racconto-il-film","status":"publish","type":"post","link":"https:\/\/www.paparella.it\/blog\/modugno-al-via-la-xvi-edizione-di-driffest-festival-cinemaletteratura-del-racconto-il-film\/","title":{"rendered":"Modugno, al via la XVI edizione di DRIFfest &#8211; Festival Cinema&amp;Letteratura Del Racconto, il Film"},"content":{"rendered":"\n<figure class=\"wp-block-image size-large\"><img fetchpriority=\"high\" decoding=\"async\" width=\"1024\" height=\"391\" src=\"https:\/\/www.paparella.it\/blog\/wp-content\/uploads\/2025\/06\/locandina-504380530_557060004150505_1311736148517841251_n-1024x391.jpg\" alt=\"\" class=\"wp-image-8119\" srcset=\"https:\/\/www.paparella.it\/blog\/wp-content\/uploads\/2025\/06\/locandina-504380530_557060004150505_1311736148517841251_n-1024x391.jpg 1024w, https:\/\/www.paparella.it\/blog\/wp-content\/uploads\/2025\/06\/locandina-504380530_557060004150505_1311736148517841251_n-300x114.jpg 300w, https:\/\/www.paparella.it\/blog\/wp-content\/uploads\/2025\/06\/locandina-504380530_557060004150505_1311736148517841251_n-768x293.jpg 768w, https:\/\/www.paparella.it\/blog\/wp-content\/uploads\/2025\/06\/locandina-504380530_557060004150505_1311736148517841251_n.jpg 1415w\" sizes=\"(max-width: 1024px) 100vw, 1024px\" \/><\/figure>\n\n\n\n<p class=\"wp-block-paragraph\">Modugno, venerd\u00ec 27 giugno alle 19:30 Piazza Arcivescovo Romita sar\u00e0 lo splendido palcoscenico artistico-letterario e cinematografico, che ospiter\u00e0 il <a href=\"https:\/\/www.facebook.com\/festivaldelraccontoilfilm?__cft__[0]=AZXhhVWkhhPuzE0MfBWT2iqiALbSIIYUnHcSrw2ZEutYcoAYBejadxddLQBol0-AIanssr1K9MVFU4HTiYO07Oz0RWz1mNomu40Wn26MB2OmZJDtlMH8ISLazh8SVJKpPcO-c3USV2jz-RElIb3I2w6FxBJSulgrC1dPLxL-lCEB4A&amp;__tn__=-]K-R\" target=\"_blank\" rel=\"noopener\">DRIFfest &#8211; Festival Cinema&amp;Letteratura Del Racconto, il Film<\/a>.<\/p>\n\n\n\n<p class=\"wp-block-paragraph\">L&#8217;evento, intitolato &#8220;Del Racconto, il Volo&#8221;, sar\u00e0 un mix di arti e pensieri, con una performance dal vivo di poesia e voce del poeta Giuseppe Goffredo e l&#8217;intervento del pittore siriano Ahmad Kaddour. Una drammaturgia poetica, ispirata al saggio &#8220;Soli con il mondo&#8221;, che <a><\/a>affronter\u00e0 temi come la solitudine umana, l&#8217;angoscia per guerre, ingiustizie, disuguaglianze, ambiente e migrazioni, riflettendo su un&#8217;Italia stanca e disorientata.<\/p>\n\n\n\n<p class=\"wp-block-paragraph\">La serata inizier\u00e0 con un discorso di don Angelo Cassano di <a href=\"https:\/\/www.facebook.com\/libera.associazioni.nomi.e.numeri.contro.le.mafie?__cft__[0]=AZXhhVWkhhPuzE0MfBWT2iqiALbSIIYUnHcSrw2ZEutYcoAYBejadxddLQBol0-AIanssr1K9MVFU4HTiYO07Oz0RWz1mNomu40Wn26MB2OmZJDtlMH8ISLazh8SVJKpPcO-c3USV2jz-RElIb3I2w6FxBJSulgrC1dPLxL-lCEB4A&amp;__tn__=-]K-R\" target=\"_blank\" rel=\"noopener\">Libera Contro le Mafie<\/a> sulle problematiche di Bari e si concluder\u00e0 con la proiezione di &#8220;Bird&#8221; di Andrea Arnold, un film presentato all&#8217;ultimo <a href=\"https:\/\/www.facebook.com\/festivaldecannes?__cft__[0]=AZXhhVWkhhPuzE0MfBWT2iqiALbSIIYUnHcSrw2ZEutYcoAYBejadxddLQBol0-AIanssr1K9MVFU4HTiYO07Oz0RWz1mNomu40Wn26MB2OmZJDtlMH8ISLazh8SVJKpPcO-c3USV2jz-RElIb3I2w6FxBJSulgrC1dPLxL-lCEB4A&amp;__tn__=-]K-R\" target=\"_blank\" rel=\"noopener\">Festival de Cannes<\/a>.<\/p>\n\n\n\n<p class=\"wp-block-paragraph\">Il DRIFFest 2025, organizzato da <a href=\"https:\/\/www.facebook.com\/IBambinidiTruffautCoopSociale?__cft__[0]=AZXhhVWkhhPuzE0MfBWT2iqiALbSIIYUnHcSrw2ZEutYcoAYBejadxddLQBol0-AIanssr1K9MVFU4HTiYO07Oz0RWz1mNomu40Wn26MB2OmZJDtlMH8ISLazh8SVJKpPcO-c3USV2jz-RElIb3I2w6FxBJSulgrC1dPLxL-lCEB4A&amp;__tn__=-]K-R\" target=\"_blank\" rel=\"noopener\">I bambini di Truffaut Cooperativa Sociale<\/a> con la direzione artistica di <a href=\"https:\/\/www.facebook.com\/giancarlo.visitilli.1?__cft__[0]=AZXhhVWkhhPuzE0MfBWT2iqiALbSIIYUnHcSrw2ZEutYcoAYBejadxddLQBol0-AIanssr1K9MVFU4HTiYO07Oz0RWz1mNomu40Wn26MB2OmZJDtlMH8ISLazh8SVJKpPcO-c3USV2jz-RElIb3I2w6FxBJSulgrC1dPLxL-lCEB4A&amp;__tn__=-]K-R\" target=\"_blank\" rel=\"noopener\">Giancarlo Visitilli<\/a>, iniziato il 17 giugno terminer\u00e0 il 26 luglio toccando con i suoi 21 appuntamenti diverse localit\u00e0 pugliesi (<a href=\"https:\/\/www.facebook.com\/hashtag\/bari?__eep__=6&amp;__cft__[0]=AZXhhVWkhhPuzE0MfBWT2iqiALbSIIYUnHcSrw2ZEutYcoAYBejadxddLQBol0-AIanssr1K9MVFU4HTiYO07Oz0RWz1mNomu40Wn26MB2OmZJDtlMH8ISLazh8SVJKpPcO-c3USV2jz-RElIb3I2w6FxBJSulgrC1dPLxL-lCEB4A&amp;__tn__=*NK-R\" target=\"_blank\" rel=\"noopener\">#Bari<\/a>, <a href=\"https:\/\/www.facebook.com\/hashtag\/giovinazzo?__eep__=6&amp;__cft__[0]=AZXhhVWkhhPuzE0MfBWT2iqiALbSIIYUnHcSrw2ZEutYcoAYBejadxddLQBol0-AIanssr1K9MVFU4HTiYO07Oz0RWz1mNomu40Wn26MB2OmZJDtlMH8ISLazh8SVJKpPcO-c3USV2jz-RElIb3I2w6FxBJSulgrC1dPLxL-lCEB4A&amp;__tn__=*NK-R\" target=\"_blank\" rel=\"noopener\">#Giovinazzo<\/a>, <a href=\"https:\/\/www.facebook.com\/hashtag\/modugno?__eep__=6&amp;__cft__[0]=AZXhhVWkhhPuzE0MfBWT2iqiALbSIIYUnHcSrw2ZEutYcoAYBejadxddLQBol0-AIanssr1K9MVFU4HTiYO07Oz0RWz1mNomu40Wn26MB2OmZJDtlMH8ISLazh8SVJKpPcO-c3USV2jz-RElIb3I2w6FxBJSulgrC1dPLxL-lCEB4A&amp;__tn__=*NK-R\" target=\"_blank\" rel=\"noopener\">#Modugno<\/a>, <a href=\"https:\/\/www.facebook.com\/hashtag\/rutigliano?__eep__=6&amp;__cft__[0]=AZXhhVWkhhPuzE0MfBWT2iqiALbSIIYUnHcSrw2ZEutYcoAYBejadxddLQBol0-AIanssr1K9MVFU4HTiYO07Oz0RWz1mNomu40Wn26MB2OmZJDtlMH8ISLazh8SVJKpPcO-c3USV2jz-RElIb3I2w6FxBJSulgrC1dPLxL-lCEB4A&amp;__tn__=*NK-R\" target=\"_blank\" rel=\"noopener\">#Rutigliano<\/a>, <a href=\"https:\/\/www.facebook.com\/hashtag\/sannicandrodibari?__eep__=6&amp;__cft__[0]=AZXhhVWkhhPuzE0MfBWT2iqiALbSIIYUnHcSrw2ZEutYcoAYBejadxddLQBol0-AIanssr1K9MVFU4HTiYO07Oz0RWz1mNomu40Wn26MB2OmZJDtlMH8ISLazh8SVJKpPcO-c3USV2jz-RElIb3I2w6FxBJSulgrC1dPLxL-lCEB4A&amp;__tn__=*NK-R\" target=\"_blank\" rel=\"noopener\">#SannicandroDiBari<\/a>) e include tre incontri nelle carceri di <a href=\"https:\/\/www.facebook.com\/hashtag\/trani?__eep__=6&amp;__cft__[0]=AZXhhVWkhhPuzE0MfBWT2iqiALbSIIYUnHcSrw2ZEutYcoAYBejadxddLQBol0-AIanssr1K9MVFU4HTiYO07Oz0RWz1mNomu40Wn26MB2OmZJDtlMH8ISLazh8SVJKpPcO-c3USV2jz-RElIb3I2w6FxBJSulgrC1dPLxL-lCEB4A&amp;__tn__=*NK-R\" target=\"_blank\" rel=\"noopener\">#Trani<\/a> e <a href=\"https:\/\/www.facebook.com\/hashtag\/turi?__eep__=6&amp;__cft__[0]=AZXhhVWkhhPuzE0MfBWT2iqiALbSIIYUnHcSrw2ZEutYcoAYBejadxddLQBol0-AIanssr1K9MVFU4HTiYO07Oz0RWz1mNomu40Wn26MB2OmZJDtlMH8ISLazh8SVJKpPcO-c3USV2jz-RElIb3I2w6FxBJSulgrC1dPLxL-lCEB4A&amp;__tn__=*NK-R\" target=\"_blank\" rel=\"noopener\">#Turi<\/a>.<\/p>\n\n\n\n<p class=\"wp-block-paragraph\">L\u2019attuale edizione \u00e8 supportata da <a href=\"https:\/\/www.facebook.com\/quiregionepuglia?__cft__[0]=AZXhhVWkhhPuzE0MfBWT2iqiALbSIIYUnHcSrw2ZEutYcoAYBejadxddLQBol0-AIanssr1K9MVFU4HTiYO07Oz0RWz1mNomu40Wn26MB2OmZJDtlMH8ISLazh8SVJKpPcO-c3USV2jz-RElIb3I2w6FxBJSulgrC1dPLxL-lCEB4A&amp;__tn__=-]K-R\" target=\"_blank\" rel=\"noopener\">Regione Puglia<\/a>, <a href=\"https:\/\/www.facebook.com\/apuliafilmcommission?__cft__[0]=AZXhhVWkhhPuzE0MfBWT2iqiALbSIIYUnHcSrw2ZEutYcoAYBejadxddLQBol0-AIanssr1K9MVFU4HTiYO07Oz0RWz1mNomu40Wn26MB2OmZJDtlMH8ISLazh8SVJKpPcO-c3USV2jz-RElIb3I2w6FxBJSulgrC1dPLxL-lCEB4A&amp;__tn__=-]K-R\" target=\"_blank\" rel=\"noopener\">Apulia Film Commission<\/a>, vari Comuni, le carceri di Trani e Turi, l&#8217;ufficio Garante dei diritti delle persone sottoposte a misure restrittive della libert\u00e0 personale della Regione Puglia, Puglia Culture, e diverse istituzioni legali di Bari. Tutti gli incontri sono ad ingresso libero fino ad esaurimento posti.<\/p>\n","protected":false},"excerpt":{"rendered":"<p>Modugno, venerd\u00ec 27 giugno alle 19:30 Piazza Arcivescovo Romita sar\u00e0 lo splendido palcoscenico artistico-letterario e cinematografico, che ospiter\u00e0 il DRIFfest &#8211; Festival Cinema&amp;Letteratura Del Racconto, il Film. L&#8217;evento, intitolato &#8220;Del Racconto, il Volo&#8221;, sar\u00e0 un mix di arti e pensieri, con una performance dal vivo di poesia e voce del poeta Giuseppe Goffredo e l&#8217;intervento [&hellip;]<\/p>\n","protected":false},"author":1,"featured_media":8119,"comment_status":"closed","ping_status":"closed","sticky":false,"template":"","format":"standard","meta":{"ngg_post_thumbnail":0,"footnotes":""},"categories":[3],"tags":[],"class_list":["post-8118","post","type-post","status-publish","format-standard","has-post-thumbnail","hentry","category-sociale"],"_links":{"self":[{"href":"https:\/\/www.paparella.it\/blog\/wp-json\/wp\/v2\/posts\/8118","targetHints":{"allow":["GET"]}}],"collection":[{"href":"https:\/\/www.paparella.it\/blog\/wp-json\/wp\/v2\/posts"}],"about":[{"href":"https:\/\/www.paparella.it\/blog\/wp-json\/wp\/v2\/types\/post"}],"author":[{"embeddable":true,"href":"https:\/\/www.paparella.it\/blog\/wp-json\/wp\/v2\/users\/1"}],"replies":[{"embeddable":true,"href":"https:\/\/www.paparella.it\/blog\/wp-json\/wp\/v2\/comments?post=8118"}],"version-history":[{"count":1,"href":"https:\/\/www.paparella.it\/blog\/wp-json\/wp\/v2\/posts\/8118\/revisions"}],"predecessor-version":[{"id":8120,"href":"https:\/\/www.paparella.it\/blog\/wp-json\/wp\/v2\/posts\/8118\/revisions\/8120"}],"wp:featuredmedia":[{"embeddable":true,"href":"https:\/\/www.paparella.it\/blog\/wp-json\/wp\/v2\/media\/8119"}],"wp:attachment":[{"href":"https:\/\/www.paparella.it\/blog\/wp-json\/wp\/v2\/media?parent=8118"}],"wp:term":[{"taxonomy":"category","embeddable":true,"href":"https:\/\/www.paparella.it\/blog\/wp-json\/wp\/v2\/categories?post=8118"},{"taxonomy":"post_tag","embeddable":true,"href":"https:\/\/www.paparella.it\/blog\/wp-json\/wp\/v2\/tags?post=8118"}],"curies":[{"name":"wp","href":"https:\/\/api.w.org\/{rel}","templated":true}]}}