{"id":7966,"date":"2025-05-18T12:54:22","date_gmt":"2025-05-18T10:54:22","guid":{"rendered":"https:\/\/www.paparella.it\/blog\/?p=7966"},"modified":"2025-05-18T12:54:24","modified_gmt":"2025-05-18T10:54:24","slug":"la-chiesa-di-leone-xiv-il-riformista","status":"publish","type":"post","link":"https:\/\/www.paparella.it\/blog\/la-chiesa-di-leone-xiv-il-riformista\/","title":{"rendered":"La Chiesa di Leone XIV, il riformista!"},"content":{"rendered":"\n<figure class=\"wp-block-image size-large\"><img fetchpriority=\"high\" decoding=\"async\" width=\"1024\" height=\"585\" src=\"https:\/\/www.paparella.it\/blog\/wp-content\/uploads\/2025\/05\/papa-leone-xiv-saluta-1024x585.png\" alt=\"\" class=\"wp-image-7968\" srcset=\"https:\/\/www.paparella.it\/blog\/wp-content\/uploads\/2025\/05\/papa-leone-xiv-saluta-1024x585.png 1024w, https:\/\/www.paparella.it\/blog\/wp-content\/uploads\/2025\/05\/papa-leone-xiv-saluta-300x171.png 300w, https:\/\/www.paparella.it\/blog\/wp-content\/uploads\/2025\/05\/papa-leone-xiv-saluta-768x439.png 768w, https:\/\/www.paparella.it\/blog\/wp-content\/uploads\/2025\/05\/papa-leone-xiv-saluta-1536x877.png 1536w, https:\/\/www.paparella.it\/blog\/wp-content\/uploads\/2025\/05\/papa-leone-xiv-saluta.png 1541w\" sizes=\"(max-width: 1024px) 100vw, 1024px\" \/><\/figure>\n\n\n\n<p class=\"wp-block-paragraph\">&#8220;La pace sia con tutti voi\u201d, sono state le prime parole pronunciate dal nuovo pontefice <strong>Leone XIV<\/strong>, dopo la sua elezione avvenuta lo scorso 8 maggio, quando si \u00e8 mostrato ai fedeli che gremivano Piazza San Pietro, in attesa di ascoltare la sua voce e le sue prime parole.<\/p>\n\n\n\n<p class=\"wp-block-paragraph\">Di fronte ad una guerra a pezzi, come ebbe a definirla Papa <strong>Bergoglio<\/strong>, l\u2019esordio di <strong>Robert Francis Prevost<\/strong>, non poteva essere diverso, anche in continuit\u00e0 spirituale col suo predecessore. Ma la domanda di fondo \u00e8: Dove porter\u00e0 la Chiesa (e il mondo) Leone XIV?<\/p>\n\n\n\n<p class=\"wp-block-paragraph\">Dopo la fumata bianca, quando ho sentito l\u2019esito del Conclave pronunciato con la solenne formula \u201chabemus papam\u201d, il nome che il nuovo pontefice Leone XIV si \u00e8 dato, il pensiero \u00e8 corso l\u00ec dove nasce e si fonda la dottrina sociale della chiesa e cio\u00e8, l&#8217;enciclica \u201c<strong>Rerum Novarum<\/strong>\u201d del 1891 di Papa <strong>Leone XIII<\/strong>. Per la prima volta, allora, la Chiesa Cattolica prese una posizione chiara e decisa sulla condizione umana.<br \/>Ho sempre guardato con attenzione la dottrina sociale della Chiesa che, attraverso le encicliche (lettere pastorali del Papa) e discorsi sociali dei pontefici, pongono al centro dell&#8217;azione sociale della Chiesa la \u201c<em>Condizione Umana<\/em>\u201d ed in particolare la \u201c<em>Dignit\u00e0 dell&#8217;Uomo<\/em>\u201d.<\/p>\n\n\n\n<p class=\"wp-block-paragraph\">E&#8217; questa la Chiesa che mi interessa, fatta di uomini come <strong>Don Bosco<\/strong> che incontrano e si fondono in un positivismo esercitato tra gli uomini e donne, come\u00a0 ha fatto in vita <strong>Madre Teresa<\/strong>. La Chiesa, sul finire dell\u2019ottocento, non poteva tacere di fronte a donne, ragazzi e uomini che lavoravano 15, a volte 18 ore al giorno, sfruttati\u00a0 e privati della propria dignit\u00e0. Lavoratori che in piena rivoluzione industriale, al di l\u00e0 della loro condizione fisica (malati, storpi, donne in gravidanza), lavoravano in condizioni indegne con miseri salari in luoghi insalubri e vivevano in contesti urbani non dissimili dagli slum americani. Sfruttati da un sistema economico perverso che anteponeva allora, come oggi, l\u2019interesse di pochi al progresso civile sociale ed economico di molti.<br \/>Ci volle il sindacalismo della <strong>Trade d\u2019Union<\/strong> per arrivare al <strong>Trade Union Act <\/strong>del 1871 per affermare la tripartizione della giornata lavorativa suddivisa in otto ore di lavoro, otto di riposo e otto ore di vita civile e fare un passo in avanti verso la modernit\u00e0.<br \/>Ci volle <strong>Karl Marx<\/strong> col suo Capitale, la lotta di classe e la teoria scientifica del plus valore per arrivare ad istituzionalizzare la giornata di lavoro ad otto ore. Ci volle la Chiesa di Leone XIII con la sua \u201c<strong>Rerum Novarum<\/strong>\u201d.<\/p>\n\n\n\n<p class=\"wp-block-paragraph\">Passarono 100 anni e la condizione degli operai mut\u00f2 in meglio ma \u2026 i temi di oggi per alcuni versi, sono verosimilmente paragonabili a quelli di allora. Mutati nel tempo, leniti dal progresso e dal miglioramento socio-economico, oltre che da un lungo periodo di pace e sicurezza, ma pur sempre vivo e presente \u00e8 il dolore e la sofferenza delle persone con salari appena sufficienti per vivere il quotidiano. Allora come oggi, fasce sociali alla deriva, famiglie lasciate sole, con mezzi di sostentamento appena sufficienti. Beveridge \u00e8 ormai lontana e la regressione sociale, economica e politica si fa sentire.<\/p>\n\n\n\n<p class=\"wp-block-paragraph\">Non \u00e8 un caso che Papa <strong>Giovanni Paolo II<\/strong> riprende l&#8217;analisi fatta da Leone XIII e, a distanza di cento anni, nel 1991, la ripropone con l&#8217;enciclica \u201c<strong>Centesimus Annus<\/strong>\u201d con la stessa intensit\u00e0 e lo stesso vigore. Cos\u00ec come, non \u00e8 un caso che anche Papa Bergoglio, a 25 anni di distanza dalla &#8220;Centesimus annus&#8221; torn\u00f2 sullo stesso tema e cio\u00e8, la condizione dell\u2019Uomo e il suo rapporto con il&nbsp; lavoro.<\/p>\n\n\n\n<p class=\"wp-block-paragraph\">Peraltro, \u00e8 questa la chiave di lettura dell\u2019invito fatto dalla Pontificia Accademia al leader della sinistra americana <strong>Bernie Sanders<\/strong> quando era in corsa per le presidenziali in USA, il quale, sospese i comizi nello Stato di New York, per partecipare al convegno di riflessione sull\u2019enciclica di Giovanni Paolo II, \u00abCentesimus Annus\u00bb, in occasione del venticinquesimo anniversario.<br \/>Ancora un segnale dalla Chiesa.\u00a0<\/p>\n\n\n\n<p class=\"wp-block-paragraph\">La Chiesa Cattolica di <strong>Bergoglio<\/strong> ha sempre lavorato in questa direzione per diffondere con sempre maggiore forza la richiesta di grandi cambiamenti nelle politiche economiche e sociali. Una continuit\u00e0 le cui radici affondano inequivocabilmente nella Dottrina Sociale della Chiesa di Papa Leone XIII e che il nuovo Pontefice Leone XIV, il riformatore, come Lutero, far\u00e0 sua.<br \/>In questo contesto anche il ruolo della donna e delle sue difficolt\u00e0 a ricoprire ruoli di responsabilit\u00e0 politica e manageriali o, a collocarsi nei processi produttivi e decisionali nelle organizzazioni del lavoro, sar\u00e0 centrale. Le donne come i giovani, con la loro fragilit\u00e0 sono i luoghi dove si scaricano le crisi economiche e sociali. Ma sono anche gli asset attraverso i quali poterle superare.<br \/>Ancora un segnale proveniente dalla Chiesa al mondo. La nuova Chiesa Cattolica guidata da Leone XIV lavorer\u00e0 per diffondere con sempre maggiore forza la richiesta di grandi cambiamenti nelle politiche economiche e sociali. Un cambiamento che deve avvenire anche nella stessa chiesa, fortemente condizionata dalla secolarizzazione e dalla corruzione, cercando di riportarla allo spirito originario del Vangelo.<\/p>\n\n\n\n<p class=\"wp-block-paragraph\">Ridurre le diseguaglianze economiche, fermare la corruzione, proteggere l&#8217;ambiente naturale, diffondere la pace, sono solo alcune sfide che la Chiesa di Leone XIV, il riformista, porter\u00e0 all\u2019attenzione del mondo.<\/p>\n","protected":false},"excerpt":{"rendered":"<p>&#8220;La pace sia con tutti voi\u201d, sono state le prime parole pronunciate dal nuovo pontefice Leone XIV, dopo la sua elezione avvenuta lo scorso 8 maggio, quando si \u00e8 mostrato ai fedeli che gremivano Piazza San Pietro, in attesa di ascoltare la sua voce e le sue prime parole. Di fronte ad una guerra a [&hellip;]<\/p>\n","protected":false},"author":1,"featured_media":7968,"comment_status":"closed","ping_status":"closed","sticky":false,"template":"","format":"standard","meta":{"ngg_post_thumbnail":0,"footnotes":""},"categories":[247,8,1,3],"tags":[280,281],"class_list":["post-7966","post","type-post","status-publish","format-standard","has-post-thumbnail","hentry","category-consigliati","category-economia","category-politica","category-sociale","tag-leone-xiv","tag-papa"],"_links":{"self":[{"href":"https:\/\/www.paparella.it\/blog\/wp-json\/wp\/v2\/posts\/7966","targetHints":{"allow":["GET"]}}],"collection":[{"href":"https:\/\/www.paparella.it\/blog\/wp-json\/wp\/v2\/posts"}],"about":[{"href":"https:\/\/www.paparella.it\/blog\/wp-json\/wp\/v2\/types\/post"}],"author":[{"embeddable":true,"href":"https:\/\/www.paparella.it\/blog\/wp-json\/wp\/v2\/users\/1"}],"replies":[{"embeddable":true,"href":"https:\/\/www.paparella.it\/blog\/wp-json\/wp\/v2\/comments?post=7966"}],"version-history":[{"count":13,"href":"https:\/\/www.paparella.it\/blog\/wp-json\/wp\/v2\/posts\/7966\/revisions"}],"predecessor-version":[{"id":8068,"href":"https:\/\/www.paparella.it\/blog\/wp-json\/wp\/v2\/posts\/7966\/revisions\/8068"}],"wp:featuredmedia":[{"embeddable":true,"href":"https:\/\/www.paparella.it\/blog\/wp-json\/wp\/v2\/media\/7968"}],"wp:attachment":[{"href":"https:\/\/www.paparella.it\/blog\/wp-json\/wp\/v2\/media?parent=7966"}],"wp:term":[{"taxonomy":"category","embeddable":true,"href":"https:\/\/www.paparella.it\/blog\/wp-json\/wp\/v2\/categories?post=7966"},{"taxonomy":"post_tag","embeddable":true,"href":"https:\/\/www.paparella.it\/blog\/wp-json\/wp\/v2\/tags?post=7966"}],"curies":[{"name":"wp","href":"https:\/\/api.w.org\/{rel}","templated":true}]}}