{"id":6421,"date":"2023-11-21T16:49:58","date_gmt":"2023-11-21T15:49:58","guid":{"rendered":"https:\/\/www.paparella.it\/blog\/?p=6421"},"modified":"2023-11-26T12:33:40","modified_gmt":"2023-11-26T11:33:40","slug":"in-ricordo-di-mia-madre","status":"publish","type":"post","link":"https:\/\/www.paparella.it\/blog\/in-ricordo-di-mia-madre\/","title":{"rendered":"In ricordo di mia Madre!"},"content":{"rendered":"\n<figure class=\"wp-block-embed is-type-video is-provider-youtube wp-block-embed-youtube wp-embed-aspect-4-3 wp-has-aspect-ratio\"><div class=\"wp-block-embed__wrapper\">\n<iframe title=\"Lil\u00ec Marlene\" width=\"800\" height=\"600\" src=\"https:\/\/www.youtube.com\/embed\/_7WjhE97tUU?feature=oembed\" frameborder=\"0\" allow=\"accelerometer; autoplay; clipboard-write; encrypted-media; gyroscope; picture-in-picture; web-share\" allowfullscreen><\/iframe>\n<\/div><\/figure>\n\n\n\n<p class=\"wp-block-paragraph\">(<em>Non aver paura dei ricordi quando bussano alla tua anima. Le cose passate, pur se tristi, col tempo diventano dolci come il miele<\/em>.)<\/p>\n\n\n\n<p class=\"wp-block-paragraph\">Ricordo mia madre quando nelle domeniche mattina che precedevano il Natale, mentre rassettava casa e il rag\u00f9 cuoceva, canticchiava \u201c<strong>Lili Marleen<\/strong>\u201d.&nbsp;<\/p>\n\n\n\n<p class=\"wp-block-paragraph\">Allora non capivo il senso di quella canzone, anche se, le parole, la melodia e il suono della sua voce mi affascinavano, allora, come oggi, nel ricordarla. L\u2019ho capito dopo per\u00f2, molto tempo dopo. Quella nostalgia non era per lei un semplice susseguirsi di parole accompagnate da un motivo, ma uno stato d\u2019animo, una malinconia che segnava un\u2019epoca storica e per le ragazze, la giovinezza, \u201cQuando belt\u00e0 splendea &#8230;\u201d. <\/p>\n\n\n\n<p class=\"wp-block-paragraph\">La cantava come a voler seguire tracce emozionali che le facevano (ri)vivere un mondo ormai passato fatto di restrizioni, di tessere del pane, allarmi delle sirene e corse nei rifugi sotterranei delle scuole o degli scantinati dei palazzi, per ripararsi dalle bombe. Eppure lei, non aveva mai avuto paura della guerra e neanche della morte, che le dette tempo per vivere, e quando si present\u00f2, la prese con dolcezza. Anzi, era persino sprezzante col destino e si divertiva quando raccontava di sua sorella Ida, impaurita dalle esplosioni delle bombe sganciate come \u201cconfetti\u201d dalle fortezze volanti degli americani.<\/p>\n\n\n\n<p class=\"wp-block-paragraph\">Lili Marleen fu scritta nel 1914 come una poesia, ma divenne canzone nel \u201838. Il suo successo per\u00f2 arriva solo nel \u201841, quando la cantante ed attrice tedesca, <strong>Marlene Dietrich<\/strong>, la interpreta in modo sublime con la sua voce ammaliante e sensuale. Veniva trasmessa dalle emittenti militari tedesche tutte le sere per risollevare il morale dei soldati nelle caserme e sui campi di battaglia.<\/p>\n\n\n\n<p class=\"wp-block-paragraph\">Fuggita negli Stati Uniti, Marlene Dietrich la cant\u00f2 per le truppe alleate contribuendo alla popolarit\u00e0 tra i soldati di tutte le nazionalit\u00e0. In breve divenne la canzone dedicata a tutte le mogli, donne, fidanzate e ragazze, alle quali ogni uomo al fronte pensava a quella languida dolcezza nei vari momenti della sua vita da soldato. E <strong>Iolanda<\/strong>, mia madre, era tra queste!<\/p>\n\n\n\n<p class=\"wp-block-paragraph\"><\/p>\n\n\n\n<p class=\"wp-block-paragraph\">LILI MARLEEN <\/p>\n\n\n\n<p class=\"wp-block-paragraph\">(di Hans Leip)<\/p>\n\n\n\n<blockquote class=\"wp-block-quote is-layout-flow wp-block-quote-is-layout-flow\">\n<p class=\"wp-block-paragraph\">Tutte le sere<\/p>\n\n\n\n<p class=\"wp-block-paragraph\">sotto quel fanal<\/p>\n\n\n\n<p class=\"wp-block-paragraph\">presso la caserma<\/p>\n\n\n\n<p class=\"wp-block-paragraph\">ti stavo ad aspettar.<\/p>\n\n\n\n<p class=\"wp-block-paragraph\">Anche stasera aspetter\u00f2,<\/p>\n\n\n\n<p class=\"wp-block-paragraph\">e tutto il mondo scorder\u00f2<\/p>\n\n\n\n<p class=\"wp-block-paragraph\">con te, Lili Marleen.<\/p>\n\n\n\n<p class=\"wp-block-paragraph\">\u2026<\/p>\n<\/blockquote>\n","protected":false},"excerpt":{"rendered":"<p>(Non aver paura dei ricordi quando bussano alla tua anima. Le cose passate, pur se tristi, col tempo diventano dolci come il miele.) Ricordo mia madre quando nelle domeniche mattina che precedevano il Natale, mentre rassettava casa e il rag\u00f9 cuoceva, canticchiava \u201cLili Marleen\u201d.&nbsp; Allora non capivo il senso di quella canzone, anche se, le [&hellip;]<\/p>\n","protected":false},"author":1,"featured_media":0,"comment_status":"closed","ping_status":"closed","sticky":false,"template":"","format":"standard","meta":{"ngg_post_thumbnail":0,"footnotes":""},"categories":[247,1,3],"tags":[253,254],"class_list":["post-6421","post","type-post","status-publish","format-standard","hentry","category-consigliati","category-politica","category-sociale","tag-lili-marleen","tag-marlene-dietrich"],"_links":{"self":[{"href":"https:\/\/www.paparella.it\/blog\/wp-json\/wp\/v2\/posts\/6421","targetHints":{"allow":["GET"]}}],"collection":[{"href":"https:\/\/www.paparella.it\/blog\/wp-json\/wp\/v2\/posts"}],"about":[{"href":"https:\/\/www.paparella.it\/blog\/wp-json\/wp\/v2\/types\/post"}],"author":[{"embeddable":true,"href":"https:\/\/www.paparella.it\/blog\/wp-json\/wp\/v2\/users\/1"}],"replies":[{"embeddable":true,"href":"https:\/\/www.paparella.it\/blog\/wp-json\/wp\/v2\/comments?post=6421"}],"version-history":[{"count":22,"href":"https:\/\/www.paparella.it\/blog\/wp-json\/wp\/v2\/posts\/6421\/revisions"}],"predecessor-version":[{"id":6467,"href":"https:\/\/www.paparella.it\/blog\/wp-json\/wp\/v2\/posts\/6421\/revisions\/6467"}],"wp:attachment":[{"href":"https:\/\/www.paparella.it\/blog\/wp-json\/wp\/v2\/media?parent=6421"}],"wp:term":[{"taxonomy":"category","embeddable":true,"href":"https:\/\/www.paparella.it\/blog\/wp-json\/wp\/v2\/categories?post=6421"},{"taxonomy":"post_tag","embeddable":true,"href":"https:\/\/www.paparella.it\/blog\/wp-json\/wp\/v2\/tags?post=6421"}],"curies":[{"name":"wp","href":"https:\/\/api.w.org\/{rel}","templated":true}]}}