{"id":6347,"date":"2023-09-11T08:54:29","date_gmt":"2023-09-11T06:54:29","guid":{"rendered":"https:\/\/www.paparella.it\/blog\/?p=6347"},"modified":"2023-09-11T08:54:32","modified_gmt":"2023-09-11T06:54:32","slug":"il-reddito-di-cittadinanza-e-un-diritto-non-unelemosina-di-stato","status":"publish","type":"post","link":"https:\/\/www.paparella.it\/blog\/il-reddito-di-cittadinanza-e-un-diritto-non-unelemosina-di-stato\/","title":{"rendered":"Il Reddito di Cittadinanza \u00e8 un diritto, non un&#8217;elemosina di Stato!"},"content":{"rendered":"\n<figure class=\"wp-block-image size-large\"><img fetchpriority=\"high\" decoding=\"async\" width=\"1024\" height=\"768\" src=\"https:\/\/www.paparella.it\/blog\/wp-content\/uploads\/2012\/12\/Parigi-Clochard-1024x768.jpg\" alt=\"\" class=\"wp-image-1370\" srcset=\"https:\/\/www.paparella.it\/blog\/wp-content\/uploads\/2012\/12\/Parigi-Clochard-1024x768.jpg 1024w, https:\/\/www.paparella.it\/blog\/wp-content\/uploads\/2012\/12\/Parigi-Clochard-300x225.jpg 300w, https:\/\/www.paparella.it\/blog\/wp-content\/uploads\/2012\/12\/Parigi-Clochard.jpg 2048w\" sizes=\"(max-width: 1024px) 100vw, 1024px\" \/><figcaption class=\"wp-element-caption\">Photo credit: Raffaele Paparella<\/figcaption><\/figure>\n\n\n\n<p class=\"wp-block-paragraph\">Ho sempre sostenuto (<a href=\"https:\/\/www.paparella.it\/blog\/reddito-minimo-garantito-un-diritto-costituzionale\/\">https:\/\/www.paparella.it\/blog\/reddito-minimo-garantito-un-diritto-costituzionale\/<\/a>) che il reddito minimo garantito, o, come in Italia \u00e8 stato pensato (reddito di cittadinanza), non \u00e8 una semplice misura di politica del lavoro o contrasto alla povert\u00e0. E&#8217; anche questo, ma non solo. Esso \u00e8 soprattutto un diritto, per giunta fondamentale, come lo \u00e8 il diritto politico (diritto di voto) o giuridico (eguaglianza di fronte alla legge). Pertanto, come tale, deve essere tutelato in Costituzione.<\/p>\n\n\n\n<p class=\"wp-block-paragraph\">La politica purtroppo, a sinistra come a destra, non lo ha capito. Cos\u00ec facendo lo ha esposto agli attacchi pi\u00f9 beceri, persino alla sua abolizione, come \u00e8 avvenuto.<\/p>\n\n\n\n<p class=\"wp-block-paragraph\"><strong>Pasquale Tridico<\/strong>, ex presidente Inps, ospite alla Festa del Fatto Quotidiano che si \u00e8 svolta alla Casa del Jazz di Roma lo scorso fine settimana, \u00e8 tornato sul tema del Reddito di Cittadinanza affermando che \u201c\u201cil reddito di cittadinanza \u00e8 un reddito minimo, non solo contrasto alla povert\u00e0 ma va anche ai lavoratori, come integrazione del reddito quando questo \u00e8 troppo basso\u201d<\/p>\n\n\n\n<p class=\"wp-block-paragraph\">Finalmente una cosa sensata che va nella direzione e nello spirito originario di coloro (politologi e sociologi) che l\u2019hanno immaginato e dibattuto a partire dalla seconda met\u00e0 del \u2018900. Come dire, Tridico da una interpretazione pi\u00f9 aderente di quello che in realt\u00e0 \u00e8 o dovrebbe essere il Reddito di Cittadinanza.<\/p>\n\n\n\n<p class=\"wp-block-paragraph\">Le cose per\u00f2 sono andate diversamente. Il reddito di cittadinanza \u00e8 stato cancellato da una destra liberista che andata al potere ha avviato una transizione politica verso uno stato  autoritario e paternalistico, caritatevole con i poveri, colpevoli essi stessi della loro povert\u00e0.<\/p>\n\n\n\n<p class=\"wp-block-paragraph\">Tutto da rifare, come nel gioco dell\u2019oca per Giuseppe Conte, Elly Schlein, Nicola Frattoianni, Angelo Bonelli e Co.<\/p>\n\n\n\n<p class=\"wp-block-paragraph\">L&#8217;autunno \u00e8 alle porte e la necessit\u00e0 di chi arranca spinge alla mobilitazione generale. Salario minimo, sanit\u00e0 pubblica universalista (riduzione liste d&#8217;attesa) e cura del pianeta sono le priorit\u00e0, a cui va affiancato un reddito minimo garantito, minimo appunto, ma uguale per tutti, nessuno escluso. Un diritto costituzionalmente protetto e pertanto inattaccabile.<\/p>\n","protected":false},"excerpt":{"rendered":"<p>Ho sempre sostenuto (https:\/\/www.paparella.it\/blog\/reddito-minimo-garantito-un-diritto-costituzionale\/) che il reddito minimo garantito, o, come in Italia \u00e8 stato pensato (reddito di cittadinanza), non \u00e8 una semplice misura di politica del lavoro o contrasto alla povert\u00e0. E&#8217; anche questo, ma non solo. Esso \u00e8 soprattutto un diritto, per giunta fondamentale, come lo \u00e8 il diritto politico (diritto di voto) [&hellip;]<\/p>\n","protected":false},"author":1,"featured_media":3488,"comment_status":"closed","ping_status":"closed","sticky":false,"template":"","format":"standard","meta":{"ngg_post_thumbnail":0,"footnotes":""},"categories":[247,8,1,3],"tags":[133,251,87],"class_list":["post-6347","post","type-post","status-publish","format-standard","has-post-thumbnail","hentry","category-consigliati","category-economia","category-politica","category-sociale","tag-m5s","tag-reddito-di-cittadinanza","tag-reddito-minimo-garantito"],"_links":{"self":[{"href":"https:\/\/www.paparella.it\/blog\/wp-json\/wp\/v2\/posts\/6347","targetHints":{"allow":["GET"]}}],"collection":[{"href":"https:\/\/www.paparella.it\/blog\/wp-json\/wp\/v2\/posts"}],"about":[{"href":"https:\/\/www.paparella.it\/blog\/wp-json\/wp\/v2\/types\/post"}],"author":[{"embeddable":true,"href":"https:\/\/www.paparella.it\/blog\/wp-json\/wp\/v2\/users\/1"}],"replies":[{"embeddable":true,"href":"https:\/\/www.paparella.it\/blog\/wp-json\/wp\/v2\/comments?post=6347"}],"version-history":[{"count":5,"href":"https:\/\/www.paparella.it\/blog\/wp-json\/wp\/v2\/posts\/6347\/revisions"}],"predecessor-version":[{"id":6352,"href":"https:\/\/www.paparella.it\/blog\/wp-json\/wp\/v2\/posts\/6347\/revisions\/6352"}],"wp:featuredmedia":[{"embeddable":true,"href":"https:\/\/www.paparella.it\/blog\/wp-json\/wp\/v2\/media\/3488"}],"wp:attachment":[{"href":"https:\/\/www.paparella.it\/blog\/wp-json\/wp\/v2\/media?parent=6347"}],"wp:term":[{"taxonomy":"category","embeddable":true,"href":"https:\/\/www.paparella.it\/blog\/wp-json\/wp\/v2\/categories?post=6347"},{"taxonomy":"post_tag","embeddable":true,"href":"https:\/\/www.paparella.it\/blog\/wp-json\/wp\/v2\/tags?post=6347"}],"curies":[{"name":"wp","href":"https:\/\/api.w.org\/{rel}","templated":true}]}}