{"id":6337,"date":"2023-08-03T14:01:54","date_gmt":"2023-08-03T12:01:54","guid":{"rendered":"https:\/\/www.paparella.it\/blog\/?p=6337"},"modified":"2024-02-10T18:26:13","modified_gmt":"2024-02-10T17:26:13","slug":"dear-mark-zuckerberg","status":"publish","type":"post","link":"https:\/\/www.paparella.it\/blog\/dear-mark-zuckerberg\/","title":{"rendered":"Dear Mark Zuckerberg"},"content":{"rendered":"\n<figure class=\"wp-block-image size-full\"><img fetchpriority=\"high\" decoding=\"async\" width=\"717\" height=\"775\" src=\"https:\/\/www.paparella.it\/blog\/wp-content\/uploads\/2023\/08\/facebook-rubato-le-credenziali.png\" alt=\"facebook\" class=\"wp-image-6339\" srcset=\"https:\/\/www.paparella.it\/blog\/wp-content\/uploads\/2023\/08\/facebook-rubato-le-credenziali.png 717w, https:\/\/www.paparella.it\/blog\/wp-content\/uploads\/2023\/08\/facebook-rubato-le-credenziali-278x300.png 278w\" sizes=\"(max-width: 717px) 100vw, 717px\" \/><\/figure>\n\n\n\n<p class=\"wp-block-paragraph\">Caro Mark,<\/p>\n\n\n\n<p class=\"wp-block-paragraph\">hanno hackerato il mio profilo Raffaele Paparella e si sono impossessati del mio account Facebook cambiando nome in Xiaver Mortimier, indirizzo email e numero telefonico.<\/p>\n\n\n\n<p class=\"wp-block-paragraph\">Hanno fatto questi cambiamenti, che avrebbero dovuto richiedere la mia esplicita approvazione, senza che ci\u00f2 sia mai avvenuto.<\/p>\n\n\n\n<p class=\"wp-block-paragraph\">Per <a><\/a>dirla ancora meglio, le email che mi chiedevano di approvare le modifiche mi sono pervenute all&#8217;alba del 1 agosto 2023 ore 4.55 da una localit\u00e0 vicinoa a Laverne, Stati Uniti, a cui avviamente non ho dato seguito.<\/p>\n\n\n\n<p class=\"wp-block-paragraph\">Non ostante ci\u00f2 le modifiche sono state eseguite senza la mia esplicita approvazione, facendo emergere un BUG COLOSSALE nei sistemi di protezione e controllo di Facebook.<\/p>\n\n\n\n<p class=\"wp-block-paragraph\">L\u2019hacker quindi, \u00e8 stato libero di agire indisturbato.<\/p>\n\n\n\n<p class=\"wp-block-paragraph\">A ci\u00f2 si aggiunge che <a href=\"https:\/\/www.facebook.com\/hashtag\/facebook?__eep__=6&amp;__cft__[0]=AZWPvExcjyhTbD6Efe4CB-6jw3ypYsbu3EUEqvtjKBzfxp0ss5BnB3IyeNZcm0eDw5f5DW0teCb4nJPNi3K_tAJ44Xzh6lfOEfjP1j-b7tqP5w&amp;__tn__=*NK-R\" target=\"_blank\" rel=\"noopener\">#Facebook<\/a> non ha una procedura ad hoc che consente di segnalare e denunciare il furto di identit\u00e0. Si \u00e8 solo limitata a sospendere il profilo alieno, giustamente, dal momento che non rispettava pi\u00f9 gli standard di privacy.<\/p>\n\n\n\n<p class=\"wp-block-paragraph\">Resta il fatto che mi ritrovo con una identit\u00e0 rubata, il mio profilo sospeso, le pagine collegate al profilo inaccessibili e i miei dati non pi\u00f9 recuperabili, senza peraltro poter denunciare tutto questo, dal momento che non esiste una procedura specifica per farlo.<\/p>\n\n\n\n<p class=\"wp-block-paragraph\">Complimenti Mark!<\/p>\n","protected":false},"excerpt":{"rendered":"<p>Caro Mark, hanno hackerato il mio profilo Raffaele Paparella e si sono impossessati del mio account Facebook cambiando nome in Xiaver Mortimier, indirizzo email e numero telefonico. Hanno fatto questi cambiamenti, che avrebbero dovuto richiedere la mia esplicita approvazione, senza che ci\u00f2 sia mai avvenuto. Per dirla ancora meglio, le email che mi chiedevano di [&hellip;]<\/p>\n","protected":false},"author":1,"featured_media":6339,"comment_status":"closed","ping_status":"closed","sticky":false,"template":"","format":"standard","meta":{"ngg_post_thumbnail":0,"footnotes":""},"categories":[8,1,3],"tags":[250],"class_list":["post-6337","post","type-post","status-publish","format-standard","has-post-thumbnail","hentry","category-economia","category-politica","category-sociale","tag-facebook"],"_links":{"self":[{"href":"https:\/\/www.paparella.it\/blog\/wp-json\/wp\/v2\/posts\/6337","targetHints":{"allow":["GET"]}}],"collection":[{"href":"https:\/\/www.paparella.it\/blog\/wp-json\/wp\/v2\/posts"}],"about":[{"href":"https:\/\/www.paparella.it\/blog\/wp-json\/wp\/v2\/types\/post"}],"author":[{"embeddable":true,"href":"https:\/\/www.paparella.it\/blog\/wp-json\/wp\/v2\/users\/1"}],"replies":[{"embeddable":true,"href":"https:\/\/www.paparella.it\/blog\/wp-json\/wp\/v2\/comments?post=6337"}],"version-history":[{"count":3,"href":"https:\/\/www.paparella.it\/blog\/wp-json\/wp\/v2\/posts\/6337\/revisions"}],"predecessor-version":[{"id":6341,"href":"https:\/\/www.paparella.it\/blog\/wp-json\/wp\/v2\/posts\/6337\/revisions\/6341"}],"wp:featuredmedia":[{"embeddable":true,"href":"https:\/\/www.paparella.it\/blog\/wp-json\/wp\/v2\/media\/6339"}],"wp:attachment":[{"href":"https:\/\/www.paparella.it\/blog\/wp-json\/wp\/v2\/media?parent=6337"}],"wp:term":[{"taxonomy":"category","embeddable":true,"href":"https:\/\/www.paparella.it\/blog\/wp-json\/wp\/v2\/categories?post=6337"},{"taxonomy":"post_tag","embeddable":true,"href":"https:\/\/www.paparella.it\/blog\/wp-json\/wp\/v2\/tags?post=6337"}],"curies":[{"name":"wp","href":"https:\/\/api.w.org\/{rel}","templated":true}]}}