{"id":53,"date":"2011-11-22T22:41:59","date_gmt":"2011-11-22T21:41:59","guid":{"rendered":"http:\/\/www.paparella.it\/blog\/?p=53"},"modified":"2012-09-25T17:06:03","modified_gmt":"2012-09-25T15:06:03","slug":"vasile-come-de-gaulle","status":"publish","type":"post","link":"https:\/\/www.paparella.it\/blog\/vasile-come-de-gaulle\/","title":{"rendered":"Vasile come de Gaulle"},"content":{"rendered":"<div>\n<p><strong>Charles de Gaulle<\/strong>\u00a0amava indossare la divisa, prima di presentarsi in pubblico nei momenti difficili per la Francia.<\/p>\n<\/div>\n<div id=\"more\">\n<p>La divisa, simbolo dell&#8217;autorit\u00e0 mostrato ai francesi, catalizzava il consenso identificando inequivocabilmente il popolo di Francia nello spirito unitario nazionale.<br \/>\nEd \u00e8 quello che fece nella crisi d\u2019indipendenza algerina, quando si mostr\u00f2 al suo popolo in alta uniforme e ne chiese la fiducia. L&#8217;ottenne. Si apr\u00ec cos\u00ec una nuova prospettiva politica che port\u00f2 all&#8217;avvento della V Repubblica Francese di cui divenne Presidente. Siamo nel 1958.<!--more--><br \/>\nCos\u00ec ha fatto\u00a0<strong>Pinuccio Vasile<\/strong>, detto l&#8217;Antenna, lo scorso 17 novembre. Ha indossato la divisa di candidato sindaco delle passate elezioni comunali, e rivolgendosi ai modugnesi, si \u00e8 dimesso da capo di una coalizione (ancor prima che da Consigliere comunale), perch\u00e8 interessato da indagini giudiziarie.<br \/>\nUn gesto intriso di alto valore simbolico che apre a Modugno una nuova stagione, dove l\u2019etica politica si fa prassi.<br \/>\nQualcuno sorrider\u00e0 per questo accostamento. Riconosco la forzatura e fors&#8217;anche la provocazione.<br \/>\nCerto, il paragone, a primo acchito non regge, per la statura di due uomini cos\u00ec diversi tra loro per spessore politico e cultura, ma anche per il contesto sociale in cui i fatti si sono determinati e sviluppati. Ci mancherebbe!<br \/>\nCome potremmo paragonare un Capo di Stato, un generale, con un \u201cinsignificante\u201d Consigliere comunale di uno sperduto paese del Sud Italia?<br \/>\nMa a pensarci bene, per certi versi, cos\u00ec non \u00e8.<br \/>\nSpogliamoci per un istante da schemi e modelli sociali e consideriamoli per quello che in realt\u00e0 sono, e cio\u00e8, uomini; e quindi come tali, uguali.<br \/>\nCosa c\u2019\u00e8 di tanto diverso tra la divisa di un generale e quella di un candidato sindaco?<br \/>\nSimbolicamente nessuno. Entrambi ricoprono un ruolo e si servono di un simbolo in cui un gruppo sociale si riconosce e sente di appartenere.<br \/>\nLa colpevolezza o l\u2019innocenza di Vasile, e, in linea di principio di tutti gli indagati le stabilir\u00e0 la magistratura, perch\u00e8 attiene alla sfera giuridica. I comportamenti etici invece, attengono alla sfera delle libert\u00e0 personali, e in quanto tali diversi gli uni dagli altri.<br \/>\nVasile probabilmente non ha letto Moro e Berlinguer, non ha imparato l\u2019etica politica partecipando a corsi di formazione. Ha solo percepito il senso di quella legge morale che \u00e8 dentro di noi e liberamente, ha scelto di essere indagato da normale cittadino piuttosto che da consigliere comunale. Lo ha fatto, \u201cper il profondo rispetto che nutre verso le Istituzioni\u201d.<\/p>\n<\/div>\n","protected":false},"excerpt":{"rendered":"<p>Charles de Gaulle\u00a0amava indossare la divisa, prima di presentarsi in pubblico nei momenti difficili per la Francia. La divisa, simbolo dell&#8217;autorit\u00e0 mostrato ai francesi, catalizzava il consenso identificando inequivocabilmente il popolo di Francia nello spirito unitario nazionale. Ed \u00e8 quello che fece nella crisi d\u2019indipendenza algerina, quando si mostr\u00f2 al suo popolo in alta uniforme [&hellip;]<\/p>\n","protected":false},"author":1,"featured_media":0,"comment_status":"open","ping_status":"open","sticky":false,"template":"","format":"standard","meta":{"ngg_post_thumbnail":0,"footnotes":""},"categories":[1],"tags":[73,9],"class_list":["post-53","post","type-post","status-publish","format-standard","hentry","category-politica","tag-charles-de-gaulle","tag-liberta"],"_links":{"self":[{"href":"https:\/\/www.paparella.it\/blog\/wp-json\/wp\/v2\/posts\/53","targetHints":{"allow":["GET"]}}],"collection":[{"href":"https:\/\/www.paparella.it\/blog\/wp-json\/wp\/v2\/posts"}],"about":[{"href":"https:\/\/www.paparella.it\/blog\/wp-json\/wp\/v2\/types\/post"}],"author":[{"embeddable":true,"href":"https:\/\/www.paparella.it\/blog\/wp-json\/wp\/v2\/users\/1"}],"replies":[{"embeddable":true,"href":"https:\/\/www.paparella.it\/blog\/wp-json\/wp\/v2\/comments?post=53"}],"version-history":[{"count":4,"href":"https:\/\/www.paparella.it\/blog\/wp-json\/wp\/v2\/posts\/53\/revisions"}],"predecessor-version":[{"id":462,"href":"https:\/\/www.paparella.it\/blog\/wp-json\/wp\/v2\/posts\/53\/revisions\/462"}],"wp:attachment":[{"href":"https:\/\/www.paparella.it\/blog\/wp-json\/wp\/v2\/media?parent=53"}],"wp:term":[{"taxonomy":"category","embeddable":true,"href":"https:\/\/www.paparella.it\/blog\/wp-json\/wp\/v2\/categories?post=53"},{"taxonomy":"post_tag","embeddable":true,"href":"https:\/\/www.paparella.it\/blog\/wp-json\/wp\/v2\/tags?post=53"}],"curies":[{"name":"wp","href":"https:\/\/api.w.org\/{rel}","templated":true}]}}