{"id":4268,"date":"2021-09-02T10:36:49","date_gmt":"2021-09-02T08:36:49","guid":{"rendered":"http:\/\/www.paparella.it\/blog\/?p=4268"},"modified":"2021-09-02T10:36:50","modified_gmt":"2021-09-02T08:36:50","slug":"cera-una-volta-la-cementeria-delle-puglie","status":"publish","type":"post","link":"https:\/\/www.paparella.it\/blog\/cera-una-volta-la-cementeria-delle-puglie\/","title":{"rendered":"C&#8217;era una volta la Cementeria delle Puglie"},"content":{"rendered":"\n<figure class=\"wp-block-image size-large\"><img fetchpriority=\"high\" decoding=\"async\" width=\"1024\" height=\"438\" src=\"https:\/\/www.paparella.it\/blog\/wp-content\/uploads\/2021\/09\/LA-FABBRICA-1024x438.png\" alt=\"Cementeria delle Puglie\" class=\"wp-image-4271\" srcset=\"https:\/\/www.paparella.it\/blog\/wp-content\/uploads\/2021\/09\/LA-FABBRICA-1024x438.png 1024w, https:\/\/www.paparella.it\/blog\/wp-content\/uploads\/2021\/09\/LA-FABBRICA-300x128.png 300w, https:\/\/www.paparella.it\/blog\/wp-content\/uploads\/2021\/09\/LA-FABBRICA-768x329.png 768w, https:\/\/www.paparella.it\/blog\/wp-content\/uploads\/2021\/09\/LA-FABBRICA.png 1418w\" sizes=\"(max-width: 1024px) 100vw, 1024px\" \/><figcaption>Cementeria delle Puglie<\/figcaption><\/figure>\n\n\n\n<p class=\"wp-block-paragraph\">C&#8217;era una volta a Modugno la Cementeria delle Puglie. Potrebbe essere l&#8217;inizio di una favola. Se cos\u00ec fosse i bambini chiederebbero di saperne di pi\u00f9. Invece la Cementeria delle Puglie \u00e8 veramente esistita.<\/p>\n\n\n\n<p class=\"wp-block-paragraph\">Non una favola ma una storia vera che inizia nel lontano 1931, quando un gruppo di industriali venuti dal Nord decisero di impiantare in Sud Italia, qui da noi a Modugno, una fabbrica per la produzione di Cemento Portland.<\/p>\n\n\n\n<p class=\"wp-block-paragraph\">Alla Cementeria delle Puglie, va riconosciuto il merito di aver dato lavoro e reddito a molte famiglie modugnesi, ma va anche detto il grave inconveniente delle polveri prodotte dalla Fabbrica che si spandevano sulla citt\u00e0, specie quando soffiava il vento di scirocco.&nbsp;<\/p>\n\n\n\n<p class=\"wp-block-paragraph\">Erano le prime forme di inquinamento ambientale in un paese che si muoveva a fatica nel suo passaggio, talvolta doloroso come tutte le emancipazioni, da una societ\u00e0 agricola ad una industriale. Quelle trasformazioni della societ\u00e0 che i sociologi definiscono, progresso civile ed economico di una comunit\u00e0.<\/p>\n\n\n\n<p class=\"wp-block-paragraph\">Non era semplice capire ci\u00f2 che accadeva per chi le viveva sulla propria pelle, figuriamoci poi mettersi contro i &#8220;padroni&#8221;, a quel tempo. Del resto come si poteva? La Cementeria dava pane. Sarebbe stato, come si dice dalle nostre parti, sputare nel piatto dove si mangia.<\/p>\n\n\n\n<p class=\"wp-block-paragraph\">Ma allora, la citt\u00e0 di Modugno sub\u00ec senza batter ciglio l&#8217;inquinamento da polveri della cementeria?<\/p>\n\n\n\n<p class=\"wp-block-paragraph\">Eppoi, ricordate il suono della sirena? &#8220;La chiamata!&#8221; Avveniva tre o quattro volte al giorno?<\/p>\n\n\n\n<p class=\"wp-block-paragraph\">La storia della Cementeria delle Puglie \u00e8 parte integrante della vita di tantissime famiglie della nostra comunit\u00e0 e quasi certamente conoscerai una storia o un episodio che ti appartiene o&nbsp; del quale sei a conoscenza.<\/p>\n\n\n\n<p class=\"wp-block-paragraph\">I ricordi di chi \u00e8 ancora in vita, dei figli, amici o parenti di coloro che vi hanno lavorato, messi insieme, possono ricostruire e consolidare un pezzo di storia modugnese.<\/p>\n\n\n\n<p class=\"wp-block-paragraph\"><a href=\"https:\/\/docs.google.com\/forms\/d\/e\/1FAIpQLSfjyR7d_C-2EQ9US_XFACXU7S4vpLXpKPIPT0BnnQYpyYgLBg\/viewform\" target=\"_blank\" rel=\"noreferrer noopener\">RACCONTA LA STORIA<\/a> che ti appartiene oppure un episodio che conosci legato alla vita della Fabbrica per tenere viva la memoria di quegli uomini ed evitare che il sacrificio profuso e il loro valore cadano nell&#8217;oblio.\u00a0<\/p>\n\n\n\n<p class=\"wp-block-paragraph\">A breve online la Storia della <strong>Cementeria delle Puglie<\/strong>!<\/p>\n","protected":false},"excerpt":{"rendered":"<p>C&#8217;era una volta a Modugno la Cementeria delle Puglie. Potrebbe essere l&#8217;inizio di una favola. Se cos\u00ec fosse i bambini chiederebbero di saperne di pi\u00f9. Invece la Cementeria delle Puglie \u00e8 veramente esistita. Non una favola ma una storia vera che inizia nel lontano 1931, quando un gruppo di industriali venuti dal Nord decisero di [&hellip;]<\/p>\n","protected":false},"author":1,"featured_media":4271,"comment_status":"open","ping_status":"open","sticky":false,"template":"","format":"standard","meta":{"ngg_post_thumbnail":0,"footnotes":""},"categories":[8,156,3],"tags":[204],"class_list":["post-4268","post","type-post","status-publish","format-standard","has-post-thumbnail","hentry","category-economia","category-emergenze-ambientali","category-sociale","tag-cementeria-delle-puglie"],"_links":{"self":[{"href":"https:\/\/www.paparella.it\/blog\/wp-json\/wp\/v2\/posts\/4268","targetHints":{"allow":["GET"]}}],"collection":[{"href":"https:\/\/www.paparella.it\/blog\/wp-json\/wp\/v2\/posts"}],"about":[{"href":"https:\/\/www.paparella.it\/blog\/wp-json\/wp\/v2\/types\/post"}],"author":[{"embeddable":true,"href":"https:\/\/www.paparella.it\/blog\/wp-json\/wp\/v2\/users\/1"}],"replies":[{"embeddable":true,"href":"https:\/\/www.paparella.it\/blog\/wp-json\/wp\/v2\/comments?post=4268"}],"version-history":[{"count":5,"href":"https:\/\/www.paparella.it\/blog\/wp-json\/wp\/v2\/posts\/4268\/revisions"}],"predecessor-version":[{"id":4274,"href":"https:\/\/www.paparella.it\/blog\/wp-json\/wp\/v2\/posts\/4268\/revisions\/4274"}],"wp:featuredmedia":[{"embeddable":true,"href":"https:\/\/www.paparella.it\/blog\/wp-json\/wp\/v2\/media\/4271"}],"wp:attachment":[{"href":"https:\/\/www.paparella.it\/blog\/wp-json\/wp\/v2\/media?parent=4268"}],"wp:term":[{"taxonomy":"category","embeddable":true,"href":"https:\/\/www.paparella.it\/blog\/wp-json\/wp\/v2\/categories?post=4268"},{"taxonomy":"post_tag","embeddable":true,"href":"https:\/\/www.paparella.it\/blog\/wp-json\/wp\/v2\/tags?post=4268"}],"curies":[{"name":"wp","href":"https:\/\/api.w.org\/{rel}","templated":true}]}}