{"id":3474,"date":"2021-07-23T15:18:51","date_gmt":"2021-07-23T13:18:51","guid":{"rendered":"http:\/\/www.paparella.it\/blog\/?p=3474"},"modified":"2022-03-18T15:03:16","modified_gmt":"2022-03-18T14:03:16","slug":"la-cementeria-delle-puglie","status":"publish","type":"post","link":"https:\/\/www.paparella.it\/blog\/la-cementeria-delle-puglie\/","title":{"rendered":"La Cementeria delle Puglie"},"content":{"rendered":"\n<p class=\"wp-block-paragraph\"><strong>Rainer Maria Rilke<\/strong> in una lettera, rispondendo a <strong>Kappus<\/strong>, un giovane poeta che gli chiedeva cosa ne pensasse dei suoi scritti, diceva che le cose si fanno perch\u00e8 si sente di volerle fare, non per compiacere qualcuno. (<em>Lettere a un giovane poeta, Adelphi<\/em>).<\/p>\n\n\n\n<p class=\"wp-block-paragraph\">Allo stesso modo, la ricerca compiuta sulla \u201c<strong>Cementeria del Puglie<\/strong>\u201d, \u00e8 stata fatta unicamente per onorare e ricordare quegli <strong>Uomini,<\/strong> il cui fervido lavoro e spiccato senso del dovere, consent\u00ec alle loro famiglie, di cui ne portavano la responsabilit\u00e0,\u00a0 di crescere e progredire, facendo muovere gli ingranaggi delle tramogge e i nastri trasportatori del carbone e della marna, della pi\u00f9 importante Fabbrica di cemento, a quel tempo, in <strong>Italia<\/strong>. Piccole tracce che messe insieme raccontano e danno valore alle loro vite, evitando che le loro storie cadano nell&#8217;oblio.<\/p>\n\n\n\n<p class=\"wp-block-paragraph\">Il salari percepiti, certi e continui, hanno rappresentato, a partire dagli anni trenta del secolo scorso, una spinta inconsapevole all&#8217;emancipazione della nostra <strong>Comunit\u00e0, <\/strong>desiderosa di mettersi in movimento e al passo col resto del <strong>Paese<\/strong>.<\/p>\n\n\n\n<p class=\"wp-block-paragraph\">La ricerca vuole essere anche un gesto di riconoscenza e gratitudine verso coraggiosi pionieri, promotori in Italia della produzione dei leganti idraulici, antesignani degli insediamenti industriali a Modugno, per aver voluto impiantare anche qui da noi, al Sud d&#8217;Italia, una Fabbrica per la produzione di cemento, stringendo un patto con la nostra comunit\u00e0. Un legame che ritroviamo sancito nel motto solenne \u201c<strong>IN LABORE HONESTAS IN FIDELITATE NOBILITAS<\/strong>\u201d (\u201cNel lavoro trovi l&#8217;onest\u00e0, nella fedelt\u00e0 trovi la nobilt\u00e0\u201d), inciso sulla medaglia d&#8217;oro che Italcementi consegnava, assieme alla pergamena, ai propri dipendenti al momento della pensione, come segno tangibile di riconoscimento per merito e dedizione al lavoro.<\/p>\n\n\n\n<p class=\"wp-block-paragraph\">Un pensiero particolare \u00e8 rivolto al Presidente della <strong>Italcementi SpA<\/strong>,&nbsp; Ing. <strong>Cesare Pesenti<\/strong>, che ha voluto con determinazione la Fabbrica a Modugno, annunciando nella seduta del Consiglio di Amministrazione del 6 luglio del 1931 i lavori di costruzione della &#8220;<strong>Cementeria delle Puglie<\/strong>&#8220;.<\/p>\n","protected":false},"excerpt":{"rendered":"<p>Rainer Maria Rilke in una lettera, rispondendo a Kappus, un giovane poeta che gli chiedeva cosa ne pensasse dei suoi scritti, diceva che le cose si fanno perch\u00e8 si sente di volerle fare, non per compiacere qualcuno. (Lettere a un giovane poeta, Adelphi). Allo stesso modo, la ricerca compiuta sulla \u201cCementeria del Puglie\u201d, \u00e8 stata [&hellip;]<\/p>\n","protected":false},"author":1,"featured_media":3477,"comment_status":"open","ping_status":"open","sticky":false,"template":"","format":"standard","meta":{"ngg_post_thumbnail":0,"footnotes":""},"categories":[8,3],"tags":[204,202,203],"class_list":["post-3474","post","type-post","status-publish","format-standard","has-post-thumbnail","hentry","category-economia","category-sociale","tag-cementeria-delle-puglie","tag-ex-cementeria","tag-italcementi"],"_links":{"self":[{"href":"https:\/\/www.paparella.it\/blog\/wp-json\/wp\/v2\/posts\/3474","targetHints":{"allow":["GET"]}}],"collection":[{"href":"https:\/\/www.paparella.it\/blog\/wp-json\/wp\/v2\/posts"}],"about":[{"href":"https:\/\/www.paparella.it\/blog\/wp-json\/wp\/v2\/types\/post"}],"author":[{"embeddable":true,"href":"https:\/\/www.paparella.it\/blog\/wp-json\/wp\/v2\/users\/1"}],"replies":[{"embeddable":true,"href":"https:\/\/www.paparella.it\/blog\/wp-json\/wp\/v2\/comments?post=3474"}],"version-history":[{"count":3,"href":"https:\/\/www.paparella.it\/blog\/wp-json\/wp\/v2\/posts\/3474\/revisions"}],"predecessor-version":[{"id":4763,"href":"https:\/\/www.paparella.it\/blog\/wp-json\/wp\/v2\/posts\/3474\/revisions\/4763"}],"wp:featuredmedia":[{"embeddable":true,"href":"https:\/\/www.paparella.it\/blog\/wp-json\/wp\/v2\/media\/3477"}],"wp:attachment":[{"href":"https:\/\/www.paparella.it\/blog\/wp-json\/wp\/v2\/media?parent=3474"}],"wp:term":[{"taxonomy":"category","embeddable":true,"href":"https:\/\/www.paparella.it\/blog\/wp-json\/wp\/v2\/categories?post=3474"},{"taxonomy":"post_tag","embeddable":true,"href":"https:\/\/www.paparella.it\/blog\/wp-json\/wp\/v2\/tags?post=3474"}],"curies":[{"name":"wp","href":"https:\/\/api.w.org\/{rel}","templated":true}]}}