{"id":3464,"date":"2021-06-25T16:19:47","date_gmt":"2021-06-25T14:19:47","guid":{"rendered":"http:\/\/www.paparella.it\/blog\/?p=3464"},"modified":"2024-09-07T08:32:15","modified_gmt":"2024-09-07T06:32:15","slug":"modugno-mentre-i-monopattini-elettrici-imperversano-la-politica-sta-a-guardare","status":"publish","type":"post","link":"https:\/\/www.paparella.it\/blog\/modugno-mentre-i-monopattini-elettrici-imperversano-la-politica-sta-a-guardare\/","title":{"rendered":"Modugno, mentre i monopattini elettrici imperversano in citt\u00e0, la politica resta a guardare!"},"content":{"rendered":"\n<p class=\"wp-block-paragraph\">Che strano, a Modugno nessuno ne parla, eppure il pericolo dei monopattini elettrici aumenta, in un contesto sociale in cui si intensifica il suo uso, peraltro in un quadro giuridico non ancora sufficientemente regolamentato, mentre giorno dopo giorno sempre pi\u00f9 persone ricorrono alle cure mediche in ospedale a seguito di incidenti.<\/p>\n\n\n\n<p class=\"wp-block-paragraph\">Nel disegno di legge n.2140 che disciplina la <em>circolazione dei monopattini elettrici <\/em>approvato in Senato (<a href=\"http:\/\/www.senato.it\/japp\/bgt\/showdoc\/18\/DDLPRES\/0\/1299878\/index.html?part=ddlpres_ddlpres1-articolato_articolato1\" target=\"_blank\" rel=\"noreferrer noopener\">http:\/\/www.senato.it\/japp\/bgt\/showdoc\/18\/DDLPRES\/0\/1299878\/index.html?part=ddlpres_ddlpres1-articolato_articolato1<\/a>), in attesa di assegnazione in commissione alla Camera per la sua approvazione definitiva, l\u2019Art. 1 comma 2 del testo approvato recita: \u201c<strong><em>I comuni possono stabilire divieti o limitazioni alla circolazione dei monopattini elettrici nelle aree pedonali e nelle strade di cui al comma 1 sulla base di valutazioni di sicurezza per i pedoni e per gli utenti della strada, nonch\u00e9 sulla base delle caratteristiche geometriche, funzionali e di circolazione della strada medesima.<\/em><\/strong>\u201d<\/p>\n\n\n\n<p class=\"wp-block-paragraph\">Ora, dal momento che \u00e8 ben chiaro l\u2019orientamento del legislatore e che questi consente per legge la libert\u00e0 ai sindaci di poter intervenire con misure pi\u00f9 stringenti sull\u2019uso dei monopattini elettrici, perch\u00e8 <strong>Nicola Bonasia<\/strong> Sindaco di Modugno non intervenire sin da ora con un\u2019ordinanza sindacale o una Delibera di Giunta comunale per la sicurezza nell\u2019uso del monopattino elettrico, in linea con quello che \u00e8 lo spirito della legge, per tutelare ancor pi\u00f9 e meglio l\u2019incolumit\u00e0 fisica dei pi\u00f9 vulnerabili e cio\u00e8 <strong>pedoni<\/strong>, <strong>conducenti <\/strong>e <strong>minori<\/strong>?<\/p>\n","protected":false},"excerpt":{"rendered":"<p>Che strano, a Modugno nessuno ne parla, eppure il pericolo dei monopattini elettrici aumenta, in un contesto sociale in cui si intensifica il suo uso, peraltro in un quadro giuridico non ancora sufficientemente regolamentato, mentre giorno dopo giorno sempre pi\u00f9 persone ricorrono alle cure mediche in ospedale a seguito di incidenti. Nel disegno di legge [&hellip;]<\/p>\n","protected":false},"author":1,"featured_media":3465,"comment_status":"open","ping_status":"open","sticky":false,"template":"","format":"standard","meta":{"ngg_post_thumbnail":0,"footnotes":""},"categories":[1,247,3],"tags":[201],"class_list":["post-3464","post","type-post","status-publish","format-standard","has-post-thumbnail","hentry","category-politica","category-consigliati","category-sociale","tag-monopattini-elettrici"],"_links":{"self":[{"href":"https:\/\/www.paparella.it\/blog\/wp-json\/wp\/v2\/posts\/3464","targetHints":{"allow":["GET"]}}],"collection":[{"href":"https:\/\/www.paparella.it\/blog\/wp-json\/wp\/v2\/posts"}],"about":[{"href":"https:\/\/www.paparella.it\/blog\/wp-json\/wp\/v2\/types\/post"}],"author":[{"embeddable":true,"href":"https:\/\/www.paparella.it\/blog\/wp-json\/wp\/v2\/users\/1"}],"replies":[{"embeddable":true,"href":"https:\/\/www.paparella.it\/blog\/wp-json\/wp\/v2\/comments?post=3464"}],"version-history":[{"count":7,"href":"https:\/\/www.paparella.it\/blog\/wp-json\/wp\/v2\/posts\/3464\/revisions"}],"predecessor-version":[{"id":3472,"href":"https:\/\/www.paparella.it\/blog\/wp-json\/wp\/v2\/posts\/3464\/revisions\/3472"}],"wp:featuredmedia":[{"embeddable":true,"href":"https:\/\/www.paparella.it\/blog\/wp-json\/wp\/v2\/media\/3465"}],"wp:attachment":[{"href":"https:\/\/www.paparella.it\/blog\/wp-json\/wp\/v2\/media?parent=3464"}],"wp:term":[{"taxonomy":"category","embeddable":true,"href":"https:\/\/www.paparella.it\/blog\/wp-json\/wp\/v2\/categories?post=3464"},{"taxonomy":"post_tag","embeddable":true,"href":"https:\/\/www.paparella.it\/blog\/wp-json\/wp\/v2\/tags?post=3464"}],"curies":[{"name":"wp","href":"https:\/\/api.w.org\/{rel}","templated":true}]}}