{"id":3429,"date":"2021-04-16T15:47:17","date_gmt":"2021-04-16T13:47:17","guid":{"rendered":"http:\/\/www.paparella.it\/blog\/?p=3429"},"modified":"2021-04-16T15:47:19","modified_gmt":"2021-04-16T13:47:19","slug":"corte-costituzionale-incompatibile-con-la-costituzione-lergastolo-ostativo","status":"publish","type":"post","link":"https:\/\/www.paparella.it\/blog\/corte-costituzionale-incompatibile-con-la-costituzione-lergastolo-ostativo\/","title":{"rendered":"Corte Costituzionale, incompatibile con la Costituzione l&#8217;ergastolo ostativo!"},"content":{"rendered":"\n<p class=\"wp-block-paragraph\">Sono contro la pena di morte e pure contro l\u2019ergastolo. Per questo accolgo compiaciuto la sentenza della Corte costituzionale che ha stabilito incompatibile con la Costituzione l&#8217;ergastolo ostativo, a cui sono condannati boss e affiliati alla mafia, che impedisce loro, se non collaborano, di accedere (dopo 26 anni di reclusione) alla liberazione condizionale. Anche quando \u00e8 certo che si sono ravveduti. Pertanto, la Corte Costituzionale d\u00e0 un anno di tempo al Parlamento per porvi rimedio con una legge.<\/p>\n\n\n\n<p class=\"wp-block-paragraph\">L&#8217;ergastolo per\u00f2 pone una questione molto seria, e cio\u00e8, il rapporto tra diritto e violenza e agita costantemente le nostre coscienze.<\/p>\n\n\n\n<p class=\"wp-block-paragraph\">il diritto sar\u00e0 differente dalla violenza, se lo sar\u00e0, o finir\u00e0 per assomigliare all\u2019oggetto che tenta di regolare, dalla cui distanza nasce la propria differenza. Ne tanto meno posso immaginare che una violenza (condannare a morte un uomo o tenerlo in cella in attesa che sopraggiunga la morte), pu\u00f2 definirsi diritto, solo perch\u00e8 portato dentro l\u2019ordinamento giuridico.<\/p>\n\n\n\n<p class=\"wp-block-paragraph\">Il confine tra diritto e violenza \u00e8 labile e richiede impegno e lavoro per mantenerlo distinto. E\u2019 come camminare sulla cuspide di un asino riuscendo a malapena a tenere l\u2019equilibrio, scivolando inevitabilmente a volte da una parte, a volte dall\u2019altra.<\/p>\n\n\n\n<p class=\"wp-block-paragraph\">C\u2019\u00e8 chi non condivide questo punto di vista e comprendo pure le ragioni delle vittime, che, come dice Carmelo Musumeci, un ergastolano ostativo rinchiuso da oltre trent\u2019anni,&nbsp; &#8220;<strong>forse \u00e8 anche giusto che qualcuno di noi paghi e soffra all\u2019infinito per il male che ha fatto, affinch\u00e9 la nostra sofferenza dia qualche sollievo alle vittime dei nostri reati&#8221;.<\/strong> Ma<strong> <\/strong>non credo che la sofferenza del &#8220;carnefice&#8221; possa dare sollievo alle vittime, anche perch\u00e8 essa cessa con la sua morte a differenza del dolore delle vittime che resta infinito, senza il perdono. Ecco, di questo hanno bisogno vittime e carnefici per porre fine alla sofferenza e al dolore di entrambi.<\/p>\n\n\n\n<p class=\"wp-block-paragraph\">Sono certo che la cultura della vita prevarr\u00e0 su quella della morte e lo Stato smetter\u00e0 di &#8220;uccidere&#8221; i suoi membri.<\/p>\n\n\n\n<p class=\"wp-block-paragraph\">Spostiamo il ragionamento ma rimaniamo in argomento.&nbsp;<\/p>\n\n\n\n<p class=\"wp-block-paragraph\">Chi di noi ha mai potuto alienare il proprio diritto alla vita (l\u2019ergastolo \u00e8 assimilabile alla pena di morte, se non peggio) nei confronti di una autorit\u00e0, sia esso uomo o assemblea?<\/p>\n\n\n\n<p class=\"wp-block-paragraph\">E quindi, come pu\u00f2 uno Stato avere il diritto (se non gli \u00e8 stato conferito) di sopprimere un proprio membro?\u00a0\u00a0<\/p>\n\n\n\n<p class=\"wp-block-paragraph\">Lo Stato semmai ha come compito precipuo la difesa, la sicurezza e la vita delle persone, quale bene supremo di ognuno di noi e non il suo contrario.\u00a0<\/p>\n\n\n\n<p class=\"wp-block-paragraph\">La violenza perpetrata sui propri membri, perch\u00e8 di questo si tratta quando si uccide un uomo o si da una pena che non finisce mai, resta tale e non pu\u00f2 definirsi diversamente, anche se chi la compie \u00e8 lo Stato.<\/p>\n","protected":false},"excerpt":{"rendered":"<p>Sono contro la pena di morte e pure contro l\u2019ergastolo. Per questo accolgo compiaciuto la sentenza della Corte costituzionale che ha stabilito incompatibile con la Costituzione l&#8217;ergastolo ostativo, a cui sono condannati boss e affiliati alla mafia, che impedisce loro, se non collaborano, di accedere (dopo 26 anni di reclusione) alla liberazione condizionale. Anche quando [&hellip;]<\/p>\n","protected":false},"author":1,"featured_media":0,"comment_status":"open","ping_status":"open","sticky":false,"template":"","format":"standard","meta":{"ngg_post_thumbnail":0,"footnotes":""},"categories":[1,3],"tags":[95,96],"class_list":["post-3429","post","type-post","status-publish","format-standard","hentry","category-politica","category-sociale","tag-ergastolo","tag-pena-di-morte"],"_links":{"self":[{"href":"https:\/\/www.paparella.it\/blog\/wp-json\/wp\/v2\/posts\/3429","targetHints":{"allow":["GET"]}}],"collection":[{"href":"https:\/\/www.paparella.it\/blog\/wp-json\/wp\/v2\/posts"}],"about":[{"href":"https:\/\/www.paparella.it\/blog\/wp-json\/wp\/v2\/types\/post"}],"author":[{"embeddable":true,"href":"https:\/\/www.paparella.it\/blog\/wp-json\/wp\/v2\/users\/1"}],"replies":[{"embeddable":true,"href":"https:\/\/www.paparella.it\/blog\/wp-json\/wp\/v2\/comments?post=3429"}],"version-history":[{"count":2,"href":"https:\/\/www.paparella.it\/blog\/wp-json\/wp\/v2\/posts\/3429\/revisions"}],"predecessor-version":[{"id":3431,"href":"https:\/\/www.paparella.it\/blog\/wp-json\/wp\/v2\/posts\/3429\/revisions\/3431"}],"wp:attachment":[{"href":"https:\/\/www.paparella.it\/blog\/wp-json\/wp\/v2\/media?parent=3429"}],"wp:term":[{"taxonomy":"category","embeddable":true,"href":"https:\/\/www.paparella.it\/blog\/wp-json\/wp\/v2\/categories?post=3429"},{"taxonomy":"post_tag","embeddable":true,"href":"https:\/\/www.paparella.it\/blog\/wp-json\/wp\/v2\/tags?post=3429"}],"curies":[{"name":"wp","href":"https:\/\/api.w.org\/{rel}","templated":true}]}}