{"id":3151,"date":"2020-05-20T07:50:50","date_gmt":"2020-05-20T05:50:50","guid":{"rendered":"http:\/\/www.paparella.it\/blog\/?p=3151"},"modified":"2020-07-26T11:44:02","modified_gmt":"2020-07-26T09:44:02","slug":"lemigrazione-in-terra-di-bari","status":"publish","type":"post","link":"https:\/\/www.paparella.it\/blog\/lemigrazione-in-terra-di-bari\/","title":{"rendered":"L&#8217;emigrazione in Terra di Bari"},"content":{"rendered":"\n<p class=\"wp-block-paragraph\">L&#8217;Emigrazione in Terra di Bari verso le Americhe \u00e8 un progetto in itinere, senza soluzione di continuit\u00e0, che ripercorre ed abbraccia un&#8217; arco temporale compreso dal 1861 al 1924.<\/p>\n\n\n\n<p class=\"wp-block-paragraph\">Un periodo della storia d&#8217;Italia che prende le mosse dalla I Guerra d&#8217;Indipendenza del 1848, per arrivare all&#8217;Unit\u00e0 d&#8217;Italia nel 1861, e concludere la sua fase risorgimentale con la III Guerra d\u2019Indipendenza del 1866, quando l\u2019Austria cede il Veneto, lo Stato pontificio viene annesso al Regno d&#8217;Italia e, con la breccia di Porta Pia da parte del <strong>Cadorna<\/strong> nel 1870, Roma divenne capitale nel luglio del 1871.<\/p>\n\n\n\n<p class=\"wp-block-paragraph\">La ricerca compiuta sul fenomeno migratorio, analizza le vicende nazionali, approfondisce quelle accadute in Puglia, in modo particolare nella <strong>Terra di Bari<\/strong>, spingendosi in modo analitico su <strong>Modugno<\/strong>, <strong>Bari<\/strong> e comuni limitrofi, per ricostruire attraverso frammenti di vita familiare, fonti documentali, sia di natura istituzionale, come le tornate parlamentari del Regno di Sardegna (dalla I alla VII Legislatura) e del Regno d&#8217;Italia (dall&#8217;VIII alla XXVI Legislatura), che private.<\/p>\n\n\n\n<p class=\"wp-block-paragraph\">Sono state altres\u00ec analizzate le fonti normative nazionali e dei paesi di destinazione interessati al fenomeno migratorio, in modo particolare il Brasile. Si \u00e8 partiti dal primo tentativo di regolamentazione dell&#8217;emigrazione in Italia, con la <strong>Circolare Menabrea <\/strong>del 1868, e a seguire, la <strong>Circolare Lanza <\/strong>del 1873 e la legge <strong>Crispi <\/strong>del 30 dicembre 1888 n. 5866. Infine, con la <strong>Legge n. 23 del 31 gennaio del 1901<\/strong> e la nascita del <strong>Commissariato Generale dell&#8217;Emigrazione<\/strong>, l&#8217;Italia finalmente si dota di un corpus di norme che regol\u00f2 e tutel\u00f2 in modo organico il fenomeno migratorio, accompagnando l&#8217;emigrante dal porto di imbarco a quello di arrivo.<\/p>\n\n\n\n<p class=\"wp-block-paragraph\">Nel corso della ricerca sono stati esaminati gli &#8220;<em>Ship manifest<\/em>&#8221; delle Compagnie di navigazione del Nord America e del Sud America, le Circolari del Commissariato Generale per l&#8217;Emigrazione, la corrispondenza delle Agenzie di navigazione, le lettere di emigranti, passaporti, carte di imbarco, cartoline, materiale pubblicitario, avvisi di reclutamento emigranti e tanto altro materiale documentale, che messe assieme, hanno potuto ricostruire frammenti di storia di migliaia di persone emigrate nelle Americhe. Partivano da Genova, Napoli e Palermo, ma anche dall&#8217;estero, come i porti di Le Havre, Amburgo, Cherbourg, Liverpool o Southampton. Sono stati esaminati i &#8220;<em><strong>biglietti di passaggio<\/strong><\/em>&#8221; in terza classe, le &#8220;<em><strong>Inspection card<\/strong><\/em>&#8221; di <a href=\"https:\/\/sites.google.com\/paparella.it\/emigrazione\/home\/ellis-island\" target=\"_blank\" rel=\"noopener\"><strong>Ellis Island<\/strong><\/a>, e ancor prima quelle di<strong> Castle Garden<\/strong> (<a href=\"https:\/\/sites.google.com\/paparella.it\/emigrazione\/home\/the-battery\" target=\"_blank\" rel=\"noopener\"><strong>The Battery<\/strong><\/a>) e le &#8220;<em><strong>Matricula de Immigrantes<\/strong><\/em>&#8221; dell&#8217;<a rel=\"noreferrer noopener\" href=\"http:\/\/www.google.com\/url?q=http%3A%2F%2Fwww.inci.org.br%2Facervodigital%2Findex.php&amp;sa=D&amp;sntz=1&amp;usg=AFQjCNF1L07dgzfKcO8sPf6RvyJqln7OfQ\" target=\"_blank\"><strong>Hospedaria de Imigrantes<\/strong><\/a>, nello Stato di San Paulo in Brasile.<\/p>\n\n\n\n<p class=\"wp-block-paragraph\">Nel corso degli anni, \u00e8 stato possibile realizzare una <a href=\"https:\/\/sites.google.com\/paparella.it\/emigrazione\/banca-dati\" target=\"_blank\" rel=\"noopener\"><strong>Banca dati<\/strong><\/a><strong>,<\/strong> con le informazioni di persone emigrate dalla Terra di Bari verso le Americhe, attingendo e incrociando i dati presenti negli archivi delle Fondazioni <a href=\"http:\/\/www.google.com\/url?q=http%3A%2F%2Fwww.castlegarden.org%2F&amp;sa=D&amp;sntz=1&amp;usg=AFQjCNHOeiruQ3te3CtlCU02-kJQ49C1-w\" target=\"_blank\" rel=\"noreferrer noopener\"><strong>The Battery Conservancy &#8211; Castle Garden<\/strong><\/a>e<strong> <a href=\"https:\/\/www.google.com\/url?q=https%3A%2F%2Fwww.libertyellisfoundation.org%2F&amp;sa=D&amp;sntz=1&amp;usg=AFQjCNFH8j2k_aCCe9Y3gRKjmIDN0Ga88g\" target=\"_blank\" rel=\"noreferrer noopener\">The Statue of Liberty &#8211; Ellis Island Foundation, Inc.<\/a><\/strong>, per gli Stati Uniti d&#8217;America, utilizzando il tool di ricerca sviluppato da <strong>Stephen P. Morse<\/strong>, <strong>Gary Sandler e Michael Tobias.<\/strong><\/p>\n\n\n\n<p class=\"wp-block-paragraph\">Per il <strong>Brasile<\/strong>, sono state consultate le liste passeggeri compilate dalle compagnie di navigazione e consegnate alle autorit\u00e0 del porto di Santos, sugli sbarchi avvenuti tra il 1888 e il 1965, conservate presso l&#8217; <a rel=\"noreferrer noopener\" href=\"http:\/\/www.google.com\/url?q=http%3A%2F%2Fwww.inci.org.br%2F&amp;sa=D&amp;sntz=1&amp;usg=AFQjCNEEMp2wsVdSF7jjmukeLxMl6KwE1g\" target=\"_blank\"><strong>Instituto<\/strong><\/a> <a rel=\"noreferrer noopener\" href=\"http:\/\/www.google.com\/url?q=http%3A%2F%2Fwww.inci.org.br%2F&amp;sa=D&amp;sntz=1&amp;usg=AFQjCNEEMp2wsVdSF7jjmukeLxMl6KwE1g\" target=\"_blank\"><strong>de Preserva\u00e7\u00e3o e Difus\u00e3o da Hist\u00f3ria do Caf\u00e9 e da Imigra\u00e7\u00e3o<\/strong><\/a>. A tali fonti si sono aggiunte tantissime altre non meno importanti, come il <strong>Centro Internazionale Studi Emigrazione Italiana<\/strong>, il <strong>Museo delle Emigrazioni <\/strong>ela <strong>Fondazione Paolo Cresci per la Storia dell&#8217;Emigrazione Italiana.<\/strong><\/p>\n","protected":false},"excerpt":{"rendered":"<p>L&#8217;Emigrazione in Terra di Bari verso le Americhe \u00e8 un progetto in itinere, senza soluzione di continuit\u00e0, che ripercorre ed abbraccia un&#8217; arco temporale compreso dal 1861 al 1924. Un periodo della storia d&#8217;Italia che prende le mosse dalla I Guerra d&#8217;Indipendenza del 1848, per arrivare all&#8217;Unit\u00e0 d&#8217;Italia nel 1861, e concludere la sua fase [&hellip;]<\/p>\n","protected":false},"author":1,"featured_media":3154,"comment_status":"open","ping_status":"open","sticky":false,"template":"","format":"standard","meta":{"ngg_post_thumbnail":0,"footnotes":""},"categories":[8,1,3],"tags":[41],"class_list":["post-3151","post","type-post","status-publish","format-standard","has-post-thumbnail","hentry","category-economia","category-politica","category-sociale","tag-emigrazione"],"_links":{"self":[{"href":"https:\/\/www.paparella.it\/blog\/wp-json\/wp\/v2\/posts\/3151","targetHints":{"allow":["GET"]}}],"collection":[{"href":"https:\/\/www.paparella.it\/blog\/wp-json\/wp\/v2\/posts"}],"about":[{"href":"https:\/\/www.paparella.it\/blog\/wp-json\/wp\/v2\/types\/post"}],"author":[{"embeddable":true,"href":"https:\/\/www.paparella.it\/blog\/wp-json\/wp\/v2\/users\/1"}],"replies":[{"embeddable":true,"href":"https:\/\/www.paparella.it\/blog\/wp-json\/wp\/v2\/comments?post=3151"}],"version-history":[{"count":4,"href":"https:\/\/www.paparella.it\/blog\/wp-json\/wp\/v2\/posts\/3151\/revisions"}],"predecessor-version":[{"id":3156,"href":"https:\/\/www.paparella.it\/blog\/wp-json\/wp\/v2\/posts\/3151\/revisions\/3156"}],"wp:featuredmedia":[{"embeddable":true,"href":"https:\/\/www.paparella.it\/blog\/wp-json\/wp\/v2\/media\/3154"}],"wp:attachment":[{"href":"https:\/\/www.paparella.it\/blog\/wp-json\/wp\/v2\/media?parent=3151"}],"wp:term":[{"taxonomy":"category","embeddable":true,"href":"https:\/\/www.paparella.it\/blog\/wp-json\/wp\/v2\/categories?post=3151"},{"taxonomy":"post_tag","embeddable":true,"href":"https:\/\/www.paparella.it\/blog\/wp-json\/wp\/v2\/tags?post=3151"}],"curies":[{"name":"wp","href":"https:\/\/api.w.org\/{rel}","templated":true}]}}