{"id":3098,"date":"2020-04-02T13:56:05","date_gmt":"2020-04-02T11:56:05","guid":{"rendered":"http:\/\/www.paparella.it\/blog\/?p=3098"},"modified":"2020-04-02T13:56:06","modified_gmt":"2020-04-02T11:56:06","slug":"coronavirus-longo-dona-1-200-mascherine-a-carabinieri-e-comune-di-modugno","status":"publish","type":"post","link":"https:\/\/www.paparella.it\/blog\/coronavirus-longo-dona-1-200-mascherine-a-carabinieri-e-comune-di-modugno\/","title":{"rendered":"CORONAVIRUS, Longo dona 1.200 mascherine a carabinieri e Comune di Modugno"},"content":{"rendered":"\n<p class=\"wp-block-paragraph\">\u201cSono certo che in questa difficile battaglia contro il coronavirus, ognuno nei limiti delle proprie possibilit\u00e0 possa e debba contribuire con fatti concreti che vanno ben oltre parole spesso inutili\u201d. Cos\u00ec il vicepresidente del Consiglio regionale, <strong>Peppino Longo<\/strong>, questa mattina ha donato al Comando dei Carabinieri e al Comune di Modugno, 1.200 mascherine di protezione che saranno distribuite ai militari, alla Polizia municipale e agli uomini e alle donne della Protezione civile. Longo ha incontrato il Capitano Corrado Quarto, comandante della locale Compagnia Cc, cui ha consegnato il primo lotto di presidi di sicurezza e poi si \u00e8 recato in Comune dove era atteso dal sindaco Nicola Magrone, dall\u2019assessore alla Protezione civile, Antonio Armenise\u00a0 e dal Comandante della Polizia locale, Angelo Dituri. \u201cAssieme ai medici , agli infermieri e a tutto il personale sanitario, sono loro in prima linea nella guerra che tanti lutti e dolore sta creando nella nostra societ\u00e0. Per cui considero questa iniziativa un dovuto atto di gratitudine finalizzato a rendere pi\u00f9 sicuro il lavoro quotidiano di questi eroi moderni. Naturalmente invitando i miei concittadini a continuare a rispettare tutte le misure di distanziamento sociale, colgo l\u2019occasione per chiedere a chi pu\u00f2 di contribuire con donazioni e iniziative al sostegno attivo per vincere questa sfida\u201d.<\/p>\n\n\n\n<p class=\"wp-block-paragraph\">Nei giorni scorsi Longo ha versato una cifra corrispondente ad una mensilit\u00e0 dello stipendio di Consigliere regionale sul conto corrente istituito dalla Regione Puglia, a cura della Sezione Protezione Civile che lo sta gestendo, per una raccolta fondi a supporto del sistema sanitario per fronteggiare l\u2019emergenza Coronavirus. \u201cRicordo che il conto corrente \u00e8 gi\u00e0 avviato e che rester\u00e0 aperto per tutti coloro che dall\u2019Italia o dall\u2019estero desiderino dare un contributo.\u00a0L&#8217;Iban \u00e8 IT51 C030 6904 0131 0000 0046 029 intestato a Regione Puglia: nella causale bisogna inserire Donazioni coronavirus Regione Puglia. Ripeto l\u2019invito a tutti i miei colleghi, ai nostri parlamentari, a fare lo stesso, convinto che in un momento particolarmente difficile, qual \u00e8 l\u2019attuale, chi \u00e8 pi\u00f9 fortunato almeno dal punto di vista economico non deve n\u00e9 pu\u00f2 sottrarsi ai doveri solidaristici nei confronti della comunit\u00e0. E la politica \u00e8 chiamata a mostrare il suo vero, e a volte raro, ruolo di Istituzione al servizio della collettivit\u00e0\u201d<\/p>\n","protected":false},"excerpt":{"rendered":"<p>\u201cSono certo che in questa difficile battaglia contro il coronavirus, ognuno nei limiti delle proprie possibilit\u00e0 possa e debba contribuire con fatti concreti che vanno ben oltre parole spesso inutili\u201d. Cos\u00ec il vicepresidente del Consiglio regionale, Peppino Longo, questa mattina ha donato al Comando dei Carabinieri e al Comune di Modugno, 1.200 mascherine di protezione [&hellip;]<\/p>\n","protected":false},"author":1,"featured_media":0,"comment_status":"open","ping_status":"open","sticky":false,"template":"","format":"standard","meta":{"ngg_post_thumbnail":0,"footnotes":""},"categories":[1,3],"tags":[],"class_list":["post-3098","post","type-post","status-publish","format-standard","hentry","category-politica","category-sociale"],"_links":{"self":[{"href":"https:\/\/www.paparella.it\/blog\/wp-json\/wp\/v2\/posts\/3098","targetHints":{"allow":["GET"]}}],"collection":[{"href":"https:\/\/www.paparella.it\/blog\/wp-json\/wp\/v2\/posts"}],"about":[{"href":"https:\/\/www.paparella.it\/blog\/wp-json\/wp\/v2\/types\/post"}],"author":[{"embeddable":true,"href":"https:\/\/www.paparella.it\/blog\/wp-json\/wp\/v2\/users\/1"}],"replies":[{"embeddable":true,"href":"https:\/\/www.paparella.it\/blog\/wp-json\/wp\/v2\/comments?post=3098"}],"version-history":[{"count":2,"href":"https:\/\/www.paparella.it\/blog\/wp-json\/wp\/v2\/posts\/3098\/revisions"}],"predecessor-version":[{"id":3100,"href":"https:\/\/www.paparella.it\/blog\/wp-json\/wp\/v2\/posts\/3098\/revisions\/3100"}],"wp:attachment":[{"href":"https:\/\/www.paparella.it\/blog\/wp-json\/wp\/v2\/media?parent=3098"}],"wp:term":[{"taxonomy":"category","embeddable":true,"href":"https:\/\/www.paparella.it\/blog\/wp-json\/wp\/v2\/categories?post=3098"},{"taxonomy":"post_tag","embeddable":true,"href":"https:\/\/www.paparella.it\/blog\/wp-json\/wp\/v2\/tags?post=3098"}],"curies":[{"name":"wp","href":"https:\/\/api.w.org\/{rel}","templated":true}]}}