{"id":2937,"date":"2019-10-31T10:07:16","date_gmt":"2019-10-31T09:07:16","guid":{"rendered":"http:\/\/www.paparella.it\/blog\/?p=2937"},"modified":"2019-11-04T08:04:03","modified_gmt":"2019-11-04T07:04:03","slug":"commissione-segre-un-mandato-dimezzato","status":"publish","type":"post","link":"https:\/\/www.paparella.it\/blog\/commissione-segre-un-mandato-dimezzato\/","title":{"rendered":"Commissione Segre, un mandato dimezzato!"},"content":{"rendered":"\n<p class=\"wp-block-paragraph\">A conclusione della discussione di mozioni sull&#8217;istituzione di una <strong>Commissione straordinaria per il<\/strong> <strong>contrasto dei fenomeni di intolleranza, razzismo, antisemitismo e istigazione all&#8217;odio e alla violenza<\/strong>, il Senato, nell&#8217;Assemblea del 30 ottobre 2019, ha approvato la<strong> mozione<\/strong> <strong>n. 136<\/strong> della sen. <strong>Segre <\/strong>e sottoscritta dalla maggioranza. L&#8217;istituenda Commissione avr\u00e0 compiti di osservazione, studio e iniziativa per l&#8217;indirizzo e controllo sui fenomeni di intolleranza, razzismo, antisemitismo e istigazione all&#8217;odio e alla violenza nei confronti di persone o gruppi sociali sulla base di etnia, religione, provenienza, orientamento sessuale, identit\u00e0 di genere o altre particolari condizioni fisiche o psichiche. Avr\u00e0 altres\u00ec funzioni di controllo e indirizzo per la concreta attuazione delle convenzioni e degli accordi sovranazionali e internazionali e della legislazione nazionale relativi ai suddetti fenomeni, svolgendo anche un ruolo propositivo, di stimolo e di impulso, nell&#8217;elaborazione e nell&#8217;attuazione delle proposte legislative. <\/p>\n\n\n\n<p class=\"wp-block-paragraph\">La commissione #Segre contro razzismo e antisemitismo si far\u00e0. Resta il rammarico che l\u2019intero Senato, non si \u00e8 ritrovato unito su un valore fondante e imprescindibile della nostra costituzione antifascista e antirazzista.&nbsp;<\/p>\n\n\n\n<p class=\"wp-block-paragraph\">Il Senato ha applaudito ma l\u2019occasione \u00e8 persal<\/p>\n\n\n\n<p class=\"wp-block-paragraph\">(Mozione n. <a href=\"http:\/\/www.senato.it\/japp\/bgt\/showdoc\/frame.jsp?tipodoc=Sindisp&amp;leg=18&amp;id=1112759\" target=\"_blank\" rel=\"noreferrer noopener\" aria-label=\" (apre in una nuova scheda)\">136<\/a> della sen. Segre per l&#8217;istituzione di una Commissione straordinaria per contrastare i fenomeni di intolleranza e razzismo)  <\/p>\n","protected":false},"excerpt":{"rendered":"<p>A conclusione della discussione di mozioni sull&#8217;istituzione di una Commissione straordinaria per il contrasto dei fenomeni di intolleranza, razzismo, antisemitismo e istigazione all&#8217;odio e alla violenza, il Senato, nell&#8217;Assemblea del 30 ottobre 2019, ha approvato la mozione n. 136 della sen. Segre e sottoscritta dalla maggioranza. L&#8217;istituenda Commissione avr\u00e0 compiti di osservazione, studio e iniziativa [&hellip;]<\/p>\n","protected":false},"author":1,"featured_media":2940,"comment_status":"open","ping_status":"open","sticky":false,"template":"","format":"standard","meta":{"ngg_post_thumbnail":0,"footnotes":""},"categories":[1,3],"tags":[165,57,9,36,168,134,166,167,169],"class_list":["post-2937","post","type-post","status-publish","format-standard","has-post-thumbnail","hentry","category-politica","category-sociale","tag-antisemitismo","tag-fascismo","tag-liberta","tag-nazismo","tag-odio","tag-olocausto","tag-razzismo","tag-sterminio","tag-violenza"],"_links":{"self":[{"href":"https:\/\/www.paparella.it\/blog\/wp-json\/wp\/v2\/posts\/2937","targetHints":{"allow":["GET"]}}],"collection":[{"href":"https:\/\/www.paparella.it\/blog\/wp-json\/wp\/v2\/posts"}],"about":[{"href":"https:\/\/www.paparella.it\/blog\/wp-json\/wp\/v2\/types\/post"}],"author":[{"embeddable":true,"href":"https:\/\/www.paparella.it\/blog\/wp-json\/wp\/v2\/users\/1"}],"replies":[{"embeddable":true,"href":"https:\/\/www.paparella.it\/blog\/wp-json\/wp\/v2\/comments?post=2937"}],"version-history":[{"count":7,"href":"https:\/\/www.paparella.it\/blog\/wp-json\/wp\/v2\/posts\/2937\/revisions"}],"predecessor-version":[{"id":2960,"href":"https:\/\/www.paparella.it\/blog\/wp-json\/wp\/v2\/posts\/2937\/revisions\/2960"}],"wp:featuredmedia":[{"embeddable":true,"href":"https:\/\/www.paparella.it\/blog\/wp-json\/wp\/v2\/media\/2940"}],"wp:attachment":[{"href":"https:\/\/www.paparella.it\/blog\/wp-json\/wp\/v2\/media?parent=2937"}],"wp:term":[{"taxonomy":"category","embeddable":true,"href":"https:\/\/www.paparella.it\/blog\/wp-json\/wp\/v2\/categories?post=2937"},{"taxonomy":"post_tag","embeddable":true,"href":"https:\/\/www.paparella.it\/blog\/wp-json\/wp\/v2\/tags?post=2937"}],"curies":[{"name":"wp","href":"https:\/\/api.w.org\/{rel}","templated":true}]}}