{"id":2790,"date":"2019-08-21T11:20:34","date_gmt":"2019-08-21T09:20:34","guid":{"rendered":"http:\/\/www.paparella.it\/blog\/?p=2790"},"modified":"2019-08-21T11:38:13","modified_gmt":"2019-08-21T09:38:13","slug":"arco-san-vito-e-urgente-intervenire","status":"publish","type":"post","link":"https:\/\/www.paparella.it\/blog\/arco-san-vito-e-urgente-intervenire\/","title":{"rendered":"Arco San Vito, \u00e8 urgente intervenire!"},"content":{"rendered":"\n<p class=\"wp-block-paragraph\">Le emergenze ambientali, come il  sistema delle Lame e delle aree archeologiche, i boschi, i muri a secco, le architetture rupestri e urbanistiche, le chiese e chiesette, i piccoli casali sparsi sul territorio, i palazzi, gli archi, le edicole, giusto per fare degli esempi, costituiscono il patrimonio materiale ed immateriale di una comunit\u00e0 che va preservato, valorizzato, tutelato, ma anche goduto.<\/p>\n\n\n\n<p class=\"wp-block-paragraph\">In tale ottica, ogni \u201cProgetto di valorizzazione&#8221;, laddove si intende realizzarlo, non pu\u00f2 prescindere dal suo recupero e messa in sicurezza, perch\u00e8, ancor prima di promuovere un bene, \u00e8 necessario assicurare l&#8217;incolumit\u00e0 di chi quel bene deve goderne, cio\u00e8 le persone. Cos\u00ec come, \u00e8 opportuno individuare un set di iniziative che, superando il limite oggettivo della netta separazione fra pubblico e privato, produca il risultato di un\u2019aggregazione di valori e contenuti espressi dal territorio in un \u201ccontinuum\u201d funzionale che va necessariamente legato alle attivit\u00e0 imprenditoriali e alla vita delle persone che quella comunit\u00e0 la costituiscono e l&#8217;alimentano.<\/p>\n\n\n\n<p class=\"wp-block-paragraph\">Detto ci\u00f2, segnalo a chi ha la responsabilit\u00e0 gestionale  del bene (struttura organizzativa del Comune di Modugno) e politica (Amministrazione comunale), ognuno con le proprie prerogative, lo stato di precariet\u00e0 e pericolo per l\u2019incolumit\u00e0 delle persone in cui versa l\u2019<strong>Arco San Vito<\/strong>. Una volta che sovrasta un tratto viario nel centro storico di Modugno che connette <strong>Piazza Romita Vescovo<\/strong> e <strong>Via Demetrio Scura<\/strong>.<\/p>\n\n\n\nngg_shortcode_0_placeholder\n","protected":false},"excerpt":{"rendered":"<p>Le emergenze ambientali, come il sistema delle Lame e delle aree archeologiche, i boschi, i muri a secco, le architetture rupestri e urbanistiche, le chiese e chiesette, i piccoli casali sparsi sul territorio, i palazzi, gli archi, le edicole, giusto per fare degli esempi, costituiscono il patrimonio materiale ed immateriale di una comunit\u00e0 che va [&hellip;]<\/p>\n","protected":false},"author":1,"featured_media":2793,"comment_status":"open","ping_status":"open","sticky":false,"template":"","format":"standard","meta":{"ngg_post_thumbnail":1,"footnotes":""},"categories":[156,1,3],"tags":[158,159],"class_list":["post-2790","post","type-post","status-publish","format-standard","has-post-thumbnail","hentry","category-emergenze-ambientali","category-politica","category-sociale","tag-arco-san-vito","tag-emergenze-ambientali"],"_links":{"self":[{"href":"https:\/\/www.paparella.it\/blog\/wp-json\/wp\/v2\/posts\/2790","targetHints":{"allow":["GET"]}}],"collection":[{"href":"https:\/\/www.paparella.it\/blog\/wp-json\/wp\/v2\/posts"}],"about":[{"href":"https:\/\/www.paparella.it\/blog\/wp-json\/wp\/v2\/types\/post"}],"author":[{"embeddable":true,"href":"https:\/\/www.paparella.it\/blog\/wp-json\/wp\/v2\/users\/1"}],"replies":[{"embeddable":true,"href":"https:\/\/www.paparella.it\/blog\/wp-json\/wp\/v2\/comments?post=2790"}],"version-history":[{"count":10,"href":"https:\/\/www.paparella.it\/blog\/wp-json\/wp\/v2\/posts\/2790\/revisions"}],"predecessor-version":[{"id":2819,"href":"https:\/\/www.paparella.it\/blog\/wp-json\/wp\/v2\/posts\/2790\/revisions\/2819"}],"wp:featuredmedia":[{"embeddable":true,"href":"https:\/\/www.paparella.it\/blog\/wp-json\/wp\/v2\/media\/2793"}],"wp:attachment":[{"href":"https:\/\/www.paparella.it\/blog\/wp-json\/wp\/v2\/media?parent=2790"}],"wp:term":[{"taxonomy":"category","embeddable":true,"href":"https:\/\/www.paparella.it\/blog\/wp-json\/wp\/v2\/categories?post=2790"},{"taxonomy":"post_tag","embeddable":true,"href":"https:\/\/www.paparella.it\/blog\/wp-json\/wp\/v2\/tags?post=2790"}],"curies":[{"name":"wp","href":"https:\/\/api.w.org\/{rel}","templated":true}]}}