{"id":2264,"date":"2018-03-15T20:22:49","date_gmt":"2018-03-15T19:22:49","guid":{"rendered":"http:\/\/www.paparella.it\/blog\/?p=2264"},"modified":"2018-03-15T20:22:49","modified_gmt":"2018-03-15T19:22:49","slug":"digiuna-per-la-vita-campagna-per-labolizione-dellergastolo","status":"publish","type":"post","link":"https:\/\/www.paparella.it\/blog\/digiuna-per-la-vita-campagna-per-labolizione-dellergastolo\/","title":{"rendered":"&#8220;Digiuna per la vita&#8221;, campagna per l&#8217;abolizione dell&#8217;ergastolo"},"content":{"rendered":"<p>Venerd\u00ec 30 marzo, al via la seconda edizione della giornata del digiuno nazionale per l\u2019abolizione dell\u2019ergastolo, organizzata dall\u2019<strong>Associazione Liberarsi<\/strong>.<br \/>\nL\u2019obiettivo \u00e8 quello di sensibilizzare il nuovo Parlamento a pronunciarsi contro la pena dell\u2019ergastolo. Una misura disumana che nega l\u2019aspirazione universale degli uomini ad avere una speranza.<br \/>\nL\u2019ergastolo \u00e8 violenza e come tale, non pu\u00f2 definirsi diritto solo perch\u00e8 dentro un ordinamento giuridico.<br \/>\nIn Italia sono circa mille e settecento le persone che attualmente scontano la pena dell\u2019ergastolo. Alcuni nell\u2019isolamento delle sezioni a 41 bis, altri nelle sezioni ad alta sicurezza, altri ancora nel sovraffollamento delle celle comuni.<br \/>\nScrive <strong>Carmelo Musumeci<\/strong> (ergastolano), dalla sua cella.<\/p>\n<blockquote><p>\u201cPer molti di noi non c\u2019\u00e8 pi\u00f9 nessuna speranza, nessun futuro e nessuna compassione. Non c\u2019\u00e8 pi\u00f9 nulla. Solo il dolore, perch\u00e9 il tempo passa e non abbiamo nulla da aspettare. Siamo destinati per tutta la vita a stare nell\u2019ombra e a morire di vecchiaia murati vivi nelle nostre celle. Nel medioevo ti ammazzavano, ti cavavano gli occhi, ti tagliavano un braccio, ma il dolore non durava per sempre. Ora, invece, l\u2019ergastolo \u00e8 nello stesso tempo una pena di morte, una tortura e un dolore all\u2019infinito. Un vero e proprio incubo a occhi aperti, da cui non \u00e8 possibile svegliarsi. Sembra che gli uomini ergastolani siano umani azzerati, non pi\u00f9 figli di Dio, ma figli della malvagit\u00e0 degli uomini. E, condannati ad essere cattivi e colpevoli per sempre, molti di noi vivono ormai una vita vegetativa, senza volont\u00e0, n\u00e9 desideri, n\u00e9 sogni.\u201d<\/p><\/blockquote>\n","protected":false},"excerpt":{"rendered":"<p>Venerd\u00ec 30 marzo, al via la seconda edizione della giornata del digiuno nazionale per l\u2019abolizione dell\u2019ergastolo, organizzata dall\u2019Associazione Liberarsi. L\u2019obiettivo \u00e8 quello di sensibilizzare il nuovo Parlamento a pronunciarsi contro la pena dell\u2019ergastolo. Una misura disumana che nega l\u2019aspirazione universale degli uomini ad avere una speranza. L\u2019ergastolo \u00e8 violenza e come tale, non pu\u00f2 definirsi [&hellip;]<\/p>\n","protected":false},"author":1,"featured_media":0,"comment_status":"open","ping_status":"open","sticky":false,"template":"","format":"image","meta":{"ngg_post_thumbnail":0,"footnotes":""},"categories":[1,3],"tags":[117,95],"class_list":["post-2264","post","type-post","status-publish","format-image","hentry","category-politica","category-sociale","tag-carmelo-musumeci","tag-ergastolo","post_format-post-format-image"],"_links":{"self":[{"href":"https:\/\/www.paparella.it\/blog\/wp-json\/wp\/v2\/posts\/2264","targetHints":{"allow":["GET"]}}],"collection":[{"href":"https:\/\/www.paparella.it\/blog\/wp-json\/wp\/v2\/posts"}],"about":[{"href":"https:\/\/www.paparella.it\/blog\/wp-json\/wp\/v2\/types\/post"}],"author":[{"embeddable":true,"href":"https:\/\/www.paparella.it\/blog\/wp-json\/wp\/v2\/users\/1"}],"replies":[{"embeddable":true,"href":"https:\/\/www.paparella.it\/blog\/wp-json\/wp\/v2\/comments?post=2264"}],"version-history":[{"count":5,"href":"https:\/\/www.paparella.it\/blog\/wp-json\/wp\/v2\/posts\/2264\/revisions"}],"predecessor-version":[{"id":2270,"href":"https:\/\/www.paparella.it\/blog\/wp-json\/wp\/v2\/posts\/2264\/revisions\/2270"}],"wp:attachment":[{"href":"https:\/\/www.paparella.it\/blog\/wp-json\/wp\/v2\/media?parent=2264"}],"wp:term":[{"taxonomy":"category","embeddable":true,"href":"https:\/\/www.paparella.it\/blog\/wp-json\/wp\/v2\/categories?post=2264"},{"taxonomy":"post_tag","embeddable":true,"href":"https:\/\/www.paparella.it\/blog\/wp-json\/wp\/v2\/tags?post=2264"}],"curies":[{"name":"wp","href":"https:\/\/api.w.org\/{rel}","templated":true}]}}