{"id":2256,"date":"2018-03-13T11:40:49","date_gmt":"2018-03-13T10:40:49","guid":{"rendered":"http:\/\/www.paparella.it\/blog\/?p=2256"},"modified":"2018-03-13T12:20:32","modified_gmt":"2018-03-13T11:20:32","slug":"per-un-reddito-di-cittadinanza","status":"publish","type":"post","link":"https:\/\/www.paparella.it\/blog\/per-un-reddito-di-cittadinanza\/","title":{"rendered":"Don Ciotti, per un Reddito di  cittadinanza!"},"content":{"rendered":"<p>I detrattori del <strong>Reddito di Cittadinanza<\/strong> li abbiamo anche da noi in <strong>Puglia<\/strong>.\u00a0Sono i nominati del &#8220;<strong>ROSATELLUM<\/strong>&#8221; che\u00a0 <strong>Matteo Renzi<\/strong> ha piazzato in Parlamento.<br \/>\nLe vostre pance sono al sicuro, ma non potete impedirci di guardare ai diritti delle persone!<br \/>\nIl Reddito di Cittadinanza non \u00e8 la banalit\u00e0 che volete farci credere. E&#8217; invece la fondazione di un diritto e come tale incide direttamente nella politica sociale, come nell&#8217;economia reale delle famiglie e delle imprese. (<a href=\"https:\/\/www.paparella.it\/blog\/tag\/reddito-minimo-garantito\/\">Approfondimenti<\/a>)<br \/>\nEcco cosa scrive don <strong>Ciotti<\/strong>.<\/p>\n<blockquote><p>\u201cCaro <strong>Luigi Di Maio<\/strong>\u00a0 rispondo molto volentieri all\u2019invito che ha voluto rivolgermi e lo faccio in maniera semplice e diretta: Libera chiede con forza al Parlamento di approvare quanto prima l\u2019introduzione del reddito di cittadinanza. E\u2019 una proposta che non a caso abbiamo inserito al primo posto del Manifesto conclusivo di Contromafie, perch\u00e9 criminalit\u00e0 organizzata e corruzione si sconfiggono davvero solo affermando diritti e dignit\u00e0 delle persone\u201d.<\/p><\/blockquote>\n<p><a href=\"https:\/\/www.ilfattoquotidiano.it\/2015\/01\/02\/reddito-cittadinanza-don-ciotti-maio-liberaal-fianco-sostiene\/1310685\/\" target=\"_blank\" rel=\"noopener\">Continua a leggere &#8230;<\/a><\/p>\n","protected":false},"excerpt":{"rendered":"<p>I detrattori del Reddito di Cittadinanza li abbiamo anche da noi in Puglia.\u00a0Sono i nominati del &#8220;ROSATELLUM&#8221; che\u00a0 Matteo Renzi ha piazzato in Parlamento. Le vostre pance sono al sicuro, ma non potete impedirci di guardare ai diritti delle persone! Il Reddito di Cittadinanza non \u00e8 la banalit\u00e0 che volete farci credere. E&#8217; invece la [&hellip;]<\/p>\n","protected":false},"author":1,"featured_media":0,"comment_status":"open","ping_status":"open","sticky":false,"template":"","format":"image","meta":{"ngg_post_thumbnail":0,"footnotes":""},"categories":[8,1,3],"tags":[85,87],"class_list":["post-2256","post","type-post","status-publish","format-image","hentry","category-economia","category-politica","category-sociale","tag-matteo-renzi","tag-reddito-minimo-garantito","post_format-post-format-image"],"_links":{"self":[{"href":"https:\/\/www.paparella.it\/blog\/wp-json\/wp\/v2\/posts\/2256","targetHints":{"allow":["GET"]}}],"collection":[{"href":"https:\/\/www.paparella.it\/blog\/wp-json\/wp\/v2\/posts"}],"about":[{"href":"https:\/\/www.paparella.it\/blog\/wp-json\/wp\/v2\/types\/post"}],"author":[{"embeddable":true,"href":"https:\/\/www.paparella.it\/blog\/wp-json\/wp\/v2\/users\/1"}],"replies":[{"embeddable":true,"href":"https:\/\/www.paparella.it\/blog\/wp-json\/wp\/v2\/comments?post=2256"}],"version-history":[{"count":6,"href":"https:\/\/www.paparella.it\/blog\/wp-json\/wp\/v2\/posts\/2256\/revisions"}],"predecessor-version":[{"id":2262,"href":"https:\/\/www.paparella.it\/blog\/wp-json\/wp\/v2\/posts\/2256\/revisions\/2262"}],"wp:attachment":[{"href":"https:\/\/www.paparella.it\/blog\/wp-json\/wp\/v2\/media?parent=2256"}],"wp:term":[{"taxonomy":"category","embeddable":true,"href":"https:\/\/www.paparella.it\/blog\/wp-json\/wp\/v2\/categories?post=2256"},{"taxonomy":"post_tag","embeddable":true,"href":"https:\/\/www.paparella.it\/blog\/wp-json\/wp\/v2\/tags?post=2256"}],"curies":[{"name":"wp","href":"https:\/\/api.w.org\/{rel}","templated":true}]}}