{"id":2202,"date":"2018-01-01T08:42:54","date_gmt":"2018-01-01T07:42:54","guid":{"rendered":"http:\/\/www.paparella.it\/blog\/?p=2202"},"modified":"2017-12-31T17:00:51","modified_gmt":"2017-12-31T16:00:51","slug":"emigrazione-in-terra-di-bari","status":"publish","type":"post","link":"https:\/\/www.paparella.it\/blog\/emigrazione-in-terra-di-bari\/","title":{"rendered":"Emigrazione in Terra di Bari!"},"content":{"rendered":"<p id=\"h.p_b8nZco0IzvAk\" class=\"zfr3Q\">L&#8217;Emigrazione in Terra di Bari verso le Americhe \u00e8 un progetto in itinere riferito ad un periodo storico che va dal 1820 al 1924. Un arco temporale che comprende e ripercorre le origini della scoperta del vapore e la sua applicazione alla navigazione, la nascita e lo sviluppo delle compagnie di navigazione e i viaggi transoceanici. Tutto ci\u00f2 avveniva mentre la storia d&#8217;Italia procedeva attraverso la <strong>I Guerra d&#8217;Indipendenza<\/strong> del 1848, per arrivare all&#8217;<strong>Unit\u00e0 d&#8217;Italia<\/strong> nel 1861 e concludere la sua fase risorgimentale con la <strong>III Guerra d\u2019Indipendenza<\/strong> del 1866, quando l\u2019Austria cede il Veneto, lo Stato pontificio viene annesso al <strong>Regno d&#8217;Italia<\/strong> con la breccia di Porta Pia da parte del <strong>Cadorna<\/strong> nel 1870 e Roma capitale nel luglio del 1871.<\/p>\n<p id=\"h.p_lfEKKJqIYvi3\" class=\"zfr3Q\">La ricerca compiuta sul fenomeno migratorio in Terra di Bari ha interessato una serie di fonti documentali di natura istituzionale, come le tornate parlamentari del <strong>Regno di Sardegna<\/strong> (dalla I alla VII Legislatura) e del <strong>Regno d&#8217;Italia<\/strong> (dall&#8217;VIII alla XXVI Legislatura), seguendo l&#8217;evoluzione legislativa dei paesi d&#8217;origine e destinazione. Si \u00e8 partiti dalla <strong>Circolare Menabrea <\/strong>del 1868 e a seguire la <strong>Circolare Lanza <\/strong>del 18 gennaio del 1873, per arrivare alla <strong>Legge Crispi <\/strong>del 30 dicembre 1888 n. 5866. Ma solo con la Legge del 31 gennaio 1901 n.23 e la nascita del <strong>Commissariato Generale dell&#8217;Emigrazione<\/strong>, che l&#8217;Italia si dota di un corpus di norme che regol\u00f2 e tutel\u00f2 in modo organico il fenomeno migratorio fino all\u2019avvento del fascismo.<\/p>\n<p id=\"h.p_aMs0nl9IaubA\" class=\"zfr3Q\">Nel corso della ricerca sono stati esaminati gli &#8220;<em>Ship manifest<\/em>&#8221; delle Compagnie di navigazione, le Circolari del Commissariato Generale dell&#8217;Emigrazione, la corrispondenza delle Agenzie di navigazione, le flotte e i piroscafi che hanno accompagnato milioni di emigranti nelle Americhe partendo dai porti di Genova, Napoli e Palermo, i biglietti di passaggio in terza classe e le &#8220;<em>Inspection card<\/em>&#8221; di Ellis Island. Un processo che ha reso possibile ricostruire momenti di vita di donne, uomini e molto spesso di intere famiglie che si sono spostate da un continente all&#8217;altro alla ricerca di una vita migliore, ma anche la nascita e l&#8217;evoluzione della Compagnie di navigazione a vapore. Sono stati esaminati documenti, carte di imbarco, passaporti, cartoline, lettere, materiale pubblicitario, avvisi di reclutamento emigranti e orari di partenze e arrivo dei piroscafi per le Americhe. Elementi che presi singolarmente dicono poco, ma nel loro insieme sono, come tessere di un mosaico, parti di storie familiari, che altrimenti sarebbero perdute.<\/p>\n<p id=\"h.p_yg5t5m73jtXw\" class=\"zfr3Q\">Nel corso degli anni, con tanta passione, ma anche con fatica, \u00e8 stato possibile realizzare un <strong>Archivio digitale <\/strong>con le informazioni di uomini, donne e bambini emigrati dalla Terra di Bari verso le Americhe<strong>, <\/strong>attingendo le informazioni, principalmente dalle Fondazioni <strong>Castle Garden<\/strong> e<strong> The Statue of Liberty &#8211; Ellis Island Foundation, Inc.<\/strong>, per quanto concerne l&#8217;emigrazione negli Stati Uniti d&#8217;America, utilizzando il tool di ricerca sviluppato da <strong>Stephen P. Morse<\/strong>, <strong>Gary Sandler e Michael Tobias. <\/strong>Mentre per l&#8217;America del Sud, consultando gli archivi dell&#8217; <strong>Instituto de Preserva\u00e7\u00e3o e Difus\u00e3o da Hist\u00f3ria do Caf\u00e9 e da Imigra\u00e7\u00e3o<\/strong>. A queste si sono aggiunte una serie di fonti collaterali che hanno contribuito ad arricchire ed integrare informazioni, o semplicemente a incrociare dati per verificarne la correttezza.<\/p>\n<p><a href=\"https:\/\/www.paparella.it\/blog\/wp-content\/uploads\/2017\/12\/archivio-emigrazione.png\"><img fetchpriority=\"high\" decoding=\"async\" class=\"alignnone size-large wp-image-2209\" src=\"https:\/\/www.paparella.it\/blog\/wp-content\/uploads\/2017\/12\/archivio-emigrazione-1024x505.png\" alt=\"\" width=\"1024\" height=\"505\" srcset=\"https:\/\/www.paparella.it\/blog\/wp-content\/uploads\/2017\/12\/archivio-emigrazione-1024x505.png 1024w, https:\/\/www.paparella.it\/blog\/wp-content\/uploads\/2017\/12\/archivio-emigrazione-300x148.png 300w, https:\/\/www.paparella.it\/blog\/wp-content\/uploads\/2017\/12\/archivio-emigrazione-768x379.png 768w, https:\/\/www.paparella.it\/blog\/wp-content\/uploads\/2017\/12\/archivio-emigrazione.png 1273w\" sizes=\"(max-width: 1024px) 100vw, 1024px\" \/><\/a><\/p>\n<p id=\"h.p_S0qfuJ6lzva4\" class=\"zfr3Q\">Per queste ragioni, i dati presenti in archivio continuano a subire un processo di controllo, normalizzazione, verifica e correzione, dove possibile farlo, mantenendo comunque il dato originario. Tuttavia, non ostante le informazioni contenute in archivio rispecchino la realt\u00e0 dei fatti cos\u00ec come accaduti, vanno considerate alla luce di una una serie di fattori che, pur modificandoli, non alterano l&#8217;accadimento. Basti pensare ad esempio alla difficolt\u00e0 di interpretazione della lingua declinata nei suoi dialetti, la trascrizione nei registri cartacei e da questi negli archivi digitali, ma anche la frammentariet\u00e0 dei dati e la ridondanza delle fonti. A ci\u00f2 si aggiunga l&#8217;incompletezza delle informazioni dovuta alla reticenza dagli emigranti nel fornire informazioni personali per occultare piccole verit\u00e0 che avrebbero compromesso, se rivelate, l&#8217;autorizzazione alla permanenza nel paese ospitante.<\/p>\n<p id=\"h.p_-1-PnH5SxZKr\" class=\"zfr3Q\">Resta comunque la veridicit\u00e0 e l&#8217;aderenza alla realt\u00e0 dei fatti riportati cos\u00ec come realmente accaduti.<\/p>\n","protected":false},"excerpt":{"rendered":"<p>L&#8217;Emigrazione in Terra di Bari verso le Americhe \u00e8 un progetto in itinere riferito ad un periodo storico che va dal 1820 al 1924. Un arco temporale che comprende e ripercorre le origini della scoperta del vapore e la sua applicazione alla navigazione, la nascita e lo sviluppo delle compagnie di navigazione e i viaggi [&hellip;]<\/p>\n","protected":false},"author":1,"featured_media":0,"comment_status":"open","ping_status":"open","sticky":false,"template":"","format":"image","meta":{"ngg_post_thumbnail":0,"footnotes":""},"categories":[3],"tags":[33,41],"class_list":["post-2202","post","type-post","status-publish","format-image","hentry","category-sociale","tag-colonia-modugnese","tag-emigrazione","post_format-post-format-image"],"_links":{"self":[{"href":"https:\/\/www.paparella.it\/blog\/wp-json\/wp\/v2\/posts\/2202","targetHints":{"allow":["GET"]}}],"collection":[{"href":"https:\/\/www.paparella.it\/blog\/wp-json\/wp\/v2\/posts"}],"about":[{"href":"https:\/\/www.paparella.it\/blog\/wp-json\/wp\/v2\/types\/post"}],"author":[{"embeddable":true,"href":"https:\/\/www.paparella.it\/blog\/wp-json\/wp\/v2\/users\/1"}],"replies":[{"embeddable":true,"href":"https:\/\/www.paparella.it\/blog\/wp-json\/wp\/v2\/comments?post=2202"}],"version-history":[{"count":9,"href":"https:\/\/www.paparella.it\/blog\/wp-json\/wp\/v2\/posts\/2202\/revisions"}],"predecessor-version":[{"id":2215,"href":"https:\/\/www.paparella.it\/blog\/wp-json\/wp\/v2\/posts\/2202\/revisions\/2215"}],"wp:attachment":[{"href":"https:\/\/www.paparella.it\/blog\/wp-json\/wp\/v2\/media?parent=2202"}],"wp:term":[{"taxonomy":"category","embeddable":true,"href":"https:\/\/www.paparella.it\/blog\/wp-json\/wp\/v2\/categories?post=2202"},{"taxonomy":"post_tag","embeddable":true,"href":"https:\/\/www.paparella.it\/blog\/wp-json\/wp\/v2\/tags?post=2202"}],"curies":[{"name":"wp","href":"https:\/\/api.w.org\/{rel}","templated":true}]}}