{"id":2049,"date":"2017-05-10T14:35:55","date_gmt":"2017-05-10T12:35:55","guid":{"rendered":"http:\/\/www.paparella.it\/blog\/?p=2049"},"modified":"2017-05-10T14:53:11","modified_gmt":"2017-05-10T12:53:11","slug":"consiglio-comunale-la-minoranza-da-forfait-e-abbandona-la-citta","status":"publish","type":"post","link":"https:\/\/www.paparella.it\/blog\/consiglio-comunale-la-minoranza-da-forfait-e-abbandona-la-citta\/","title":{"rendered":"Consiglio comunale, la minoranza da forfait e abbandona la citt\u00e0!"},"content":{"rendered":"<p>I consiglieri di minoranza, <strong>Vasile Lorenzo<\/strong>,<strong> Bonasia Nicola<\/strong>, <strong>Del Zotti Vito<\/strong>, <strong>Cramarossa Fabrizio<\/strong>, <strong>Barile Raffaele<\/strong>, <strong>Massarelli Pietro<\/strong>, <strong>Clementini Domenico<\/strong>, <strong>Sciannimanico Raffaele<\/strong> e <strong>Vitucci Simona<\/strong>, lo scorso 5 maggio, \u201c<em>in segno di protesta<\/em>\u201d non si sono presentati al Consiglio comunale per approvare il Bilancio consuntivo 2016.<br \/>\nLa ragione, fanno sapere con una email indirizzata al Presidente del Consiglio comunale, al Sindaco e al Segretario generale, \u00e8 il rifiuto dell\u2019amministrazione a tenere un Consiglio comunale monotematico aperto, per trattare il tema della crisi economica e del lavoro, che da anni attraversa il Paese e investe Modugno.<br \/>\nQuesto modo di fare, dicono, manifesta \u201c<em>arroganza e disprezzo delle pi\u00f9 elementari regole democratiche da parte del Sindaco e della Presidenza del consiglio comunale<\/em>\u201d a cui le attribuiscono mera funzione di \u201c<em>comparsa<\/em>\u201d.<br \/>\nQuesti, in estrema sintesi, i fatti.<\/p>\n<p>Riconosco che ci sono delle buone ragioni per chiedere una riflessione collettiva sul tema dell\u2019economia e del lavoro. Ma proprio per l\u2019importanza che essa riveste, ritengo che pu\u00f2 essere approfondita e dibattuta in ogni luogo, istituzionale o sociale, senza per questo essere sminuita.<br \/>\nAnzi, l\u2019impossibilit\u00e0 a discuterla in Consiglio comunale, deve spingere con pi\u00f9 determinazione la politica e coloro che hanno a cuore la questione, a cercare nuovi contesti e moltiplicare i luoghi della discussione, per tenere alta l\u2019attenzione sociale, senza lasciarsi prendere dalla sindrome della sconfitta politica, solo per non essere riusciti ad ottenere un\u2019investitura istituzionale. Tra l\u2019altro un Consiglio comunale aperto, privo cio\u00e8 dell\u2019elemento deliberativo, ben si presta ad una discussione quanto pi\u00f9 aperta e plurale, da tenersi in ogni luogo e non necessariamente in una sede istituzionale.<br \/>\nDiverso \u00e8 il piano giuridico. Se ci sono ragioni che si intendono far valere da questo punto di vista, per fatti o atti illeciti perpetrati dall&#8217;amministrazione, lo si faccia pure nelle sedi opportune. Ma il piano politico non va confuso con quello giuridico o istituzionale. Esso ha una dimensione autonoma e distinta e, in quanto tale, non ne viene minimamente scalfito n\u00e9 ridimensionato, solo perch\u00e8 discusso in una sede che non \u00e8 il Consiglio comunale.<br \/>\nEcco perch\u00e8 la latitanza dei consiglieri di minoranza dal Consiglio comunale dello scorso 5 maggio \u00e8 indubbiamente un errore di valutazione politica le cui conseguenze per\u00f2 vengono scaricate direttamente e irresponsabilmente sui cittadini.<br \/>\nCi\u00f2 evoca l\u2019adagio popolare barese \u201c<em>U-ac\u00ecidde pissce u l\u00ecitte e u cule i\u00e0ve mazzate<\/em>\u201d (L&#8217;uccello piscia il letto ed il culo prende le botte).<br \/>\nDico questo, perch\u00e8 dare forfait e non presentarsi in Consiglio comunale, non ostante la stessa minoranza ritiene \u201c<em>&#8230; una seduta importante quella dell\u2019esame del bilancio consuntivo<\/em>\u201d, nuoce alla comunit\u00e0 e impoverisce le decisioni del Consiglio, dal momento che lo priva delle funzioni istituzionali di critica, stimolo e controllo. Senza dimenticare che comunque le decisioni prese varranno per tutti, anche per coloro che le minoranze hanno deciso di non voler rappresentare.<\/p>\n<p>Coazione a ripetere. Gi\u00e0. C\u2019\u00e8 un elemento comune tra chi ieri <a href=\"https:\/\/www.paparella.it\/blog\/2014\/09\/modugno-non-ha-bisogno-di-salvatori-della-patria\/\">scelse il notaio<\/a> all\u2019Aula consiliare per dire basta al sindaco e chi oggi si ritira sull\u2019Aventino per protestare.<br \/>\nE\u2019 l\u2019assenza della politica, ma anche un\u2019idea alquanto bizzarra e malsana della democrazia.<br \/>\nPur accogliendo le ragioni della minoranza, ammesso che ve ne siano, e forse ce ne sono, non si fa politica scappando, ma accettando il confronto, anche serrato se il caso lo richiede, esercitando sempre e fino in fondo il proprio ruolo e mandato elettorale.<br \/>\nE quale luogo pi\u00f9 solenne dell\u2019Aula Consiliare c\u2019\u00e8 per farlo?<\/p>\n<p>I consiglieri di minoranza parlano di \u201c<em>arroganza e disprezzo delle pi\u00f9 elementari regole democratiche<\/em>\u201d e poi disertano il luogo istituzionale pi\u00f9 alto, presidio di legalit\u00e0 e trasparenza, dove quelle regole vengono fondate.<br \/>\nBasterebbe specchiarsi nel precetto evangelico \u201c<em>non fare agli altri quello che non vorresti che gli altri facessero a te<\/em>\u201d per comprendere la contraddizione in cui si sono cacciati con il loro insulso comportamento.<\/p>\n<p>Certo il gesto plateale \u201c<em>ad effetto<\/em>\u201d di \u201c<em>effimera bellezza<\/em>\u201d, esalta l\u2019ego personale di ognuno dei protagonisti, anche dei pi\u00f9 letargici, sonnecchianti, anonimi o assenteisti, facendoli sentire \u201c<em>eroi<\/em>\u201d per un momento, ma consuma una ingiustificabile tragedia per la comunit\u00e0 (de)privandola di un presidio istituzionale necessario al buon funzionamento della DEMOCRAZIA.<\/p>\n<p>Un dato emerge inequivocabile in tutta la sua nudit\u00e0 e cio\u00e8, la debolezza e incapacit\u00e0 della minoranza ad esercitare individualmente e in gruppo, un ruolo istituzionale e reggere nel contempo un confronto politico con l\u2019amministrazione.<\/p>\n<p>E allora la domanda \u00e8, se non siete capaci di fare opposizione, come pretendete di fare amministrazione?<\/p>\n","protected":false},"excerpt":{"rendered":"<p>I consiglieri di minoranza, Vasile Lorenzo, Bonasia Nicola, Del Zotti Vito, Cramarossa Fabrizio, Barile Raffaele, Massarelli Pietro, Clementini Domenico, Sciannimanico Raffaele e Vitucci Simona, lo scorso 5 maggio, \u201cin segno di protesta\u201d non si sono presentati al Consiglio comunale per approvare il Bilancio consuntivo 2016. La ragione, fanno sapere con una email indirizzata al Presidente [&hellip;]<\/p>\n","protected":false},"author":1,"featured_media":0,"comment_status":"open","ping_status":"open","sticky":false,"template":"","format":"image","meta":{"ngg_post_thumbnail":0,"footnotes":""},"categories":[8,1,3],"tags":[17,46,24],"class_list":["post-2049","post","type-post","status-publish","format-image","hentry","category-economia","category-politica","category-sociale","tag-cittadini","tag-occupazione","tag-sindaco","post_format-post-format-image"],"_links":{"self":[{"href":"https:\/\/www.paparella.it\/blog\/wp-json\/wp\/v2\/posts\/2049","targetHints":{"allow":["GET"]}}],"collection":[{"href":"https:\/\/www.paparella.it\/blog\/wp-json\/wp\/v2\/posts"}],"about":[{"href":"https:\/\/www.paparella.it\/blog\/wp-json\/wp\/v2\/types\/post"}],"author":[{"embeddable":true,"href":"https:\/\/www.paparella.it\/blog\/wp-json\/wp\/v2\/users\/1"}],"replies":[{"embeddable":true,"href":"https:\/\/www.paparella.it\/blog\/wp-json\/wp\/v2\/comments?post=2049"}],"version-history":[{"count":6,"href":"https:\/\/www.paparella.it\/blog\/wp-json\/wp\/v2\/posts\/2049\/revisions"}],"predecessor-version":[{"id":2056,"href":"https:\/\/www.paparella.it\/blog\/wp-json\/wp\/v2\/posts\/2049\/revisions\/2056"}],"wp:attachment":[{"href":"https:\/\/www.paparella.it\/blog\/wp-json\/wp\/v2\/media?parent=2049"}],"wp:term":[{"taxonomy":"category","embeddable":true,"href":"https:\/\/www.paparella.it\/blog\/wp-json\/wp\/v2\/categories?post=2049"},{"taxonomy":"post_tag","embeddable":true,"href":"https:\/\/www.paparella.it\/blog\/wp-json\/wp\/v2\/tags?post=2049"}],"curies":[{"name":"wp","href":"https:\/\/api.w.org\/{rel}","templated":true}]}}