{"id":1741,"date":"2016-03-09T14:13:36","date_gmt":"2016-03-09T13:13:36","guid":{"rendered":"http:\/\/www.paparella.it\/blog\/?p=1741"},"modified":"2016-03-09T14:13:36","modified_gmt":"2016-03-09T13:13:36","slug":"nuovo-carcere-di-rovigo-il-punto-di-vista-di-un-ergastolano","status":"publish","type":"post","link":"https:\/\/www.paparella.it\/blog\/nuovo-carcere-di-rovigo-il-punto-di-vista-di-un-ergastolano\/","title":{"rendered":"Nuovo carcere di Rovigo, Il punto di vista di un ergastolano"},"content":{"rendered":"<p>Lo scorso 29 febbraio, si \u00e8 inaugurato a Rovigo il nuovo penitenziario alla presenza dei ministri <strong>Andrea Orlando<\/strong> e <strong>Graziano Delrio<\/strong>. La struttura ospiter\u00e0 una settantina di detenuti a fronte di 72 agenti di Polizia penitenziaria e otto impiegati ministeriali. Costo dell\u2019intervento circa 29 milioni di euro.<br \/>\n<strong>Carmelo Musumeci<\/strong>, ergastolano rinchiuso nel carcere di Padova da circa 25 anni, interviene mostrandoci il suo punto di vista sulla nuova struttura che sar\u00e0 operativa a partire dal prossimo luglio.<br \/>\nUno sguardo disincantato sull\u2019universo detentivo-rieducativo, stantio, talvolta inutile o avverso a quanto immagina di perseguire. Le sue osservazioni sono di un uomo che il carcere lo vive quotidianamente sentendo su di se la responsabilit\u00e0 della sua storia e di quella delle persone detenute che gli vivono accanto.<\/p>\n<blockquote><p>&#8220;<em>Un Paese misura il grado di sviluppo della propria democrazia dalle scuole e dalle carceri, quando le carceri saranno pi\u00f9 scuole e le scuole meno carceri. La pena deve essere un diritto; se sia condanna deve poter essere condanna a capire e capirsi<\/em>&#8221; (<strong>Giuseppe Ferraro<\/strong>, docente di Filosofia all&#8217;Universit\u00e0 Federico II, Napoli).<\/p>\n<p>In questi giorni leggendo i giornali mi hanno colpito alcune dichiarazioni di politici e uomini di Istituzioni rilasciate per l&#8217;inaugurazione del nuovo carcere di Rovigo, vissuta un po&#8217; come una festa: \u201c(\u2026) con soddisfazione, ha esordito con un eloquente \u201cce l\u2019abbiamo fatta.&#8221; (\u2026) Ieri a Rovigo \u00e8 stato il giorno della festa. (\u2026) \u00c8 stato un grande segnale di civilt\u00e0. Ma servono inasprimento e certezza delle pene: questo ci chiedono i cittadini.&#8221; (Il Gazzettino, 1 Marzo 2016)<br \/>\nIo credo che ci sia poco da festeggiare per l&#8217;apertura di una nuova prigione, perch\u00e9 nel nostro Paese il carcere produce, nella stragrande maggioranza dei casi, nuova criminalit\u00e0. Non lo dico solo io che sono un avanzo di galera, ma lo dice lo stesso Ministro della Giustizia: &#8220;Siamo un Paese che spende 3 miliardi di euro all&#8217;anno per l&#8217;esecuzione della pena, pi\u00f9 di tutti gli altri in Europa e siamo il Paese con il pi\u00f9 alto tasso di recidiva di tutta l&#8217;Europa.(&#8230;) Un carcere che accoglie delinquenti e restituisce delinquenti non garantisce sicurezza.&#8221; (Il Gazzettino, 1 marzo 2016).<br \/>\nSostanzialmente il Ministro della Giustizia conferma l&#8217;alta recidiva che esiste nelle carceri italiane: infatti, il 70% dei detenuti che finiscono la loro pena rientrano presto in carcere e le carceri minorili rappresentano, di fatto, l&#8217;anticamera di quelle per gli adulti.<\/p>\n<p>Signor Ministro, credo che lei abbia ragione perch\u00e9 il carcere cos\u00ec com&#8217;\u00e8 ti fa disimparare a vivere, ti fa odiare la vita e ti fa sentire innocente anche se non lo sei.<br \/>\nE credo anche che se qualcuno volesse cambiare il modo di ragionare \u00e8 destinato a soffrire di pi\u00f9, se tenta di togliere la maschera da \u201ccattivo\u201d e mostrare la propria vulnerabilit\u00e0 come tutti gli uomini, rischia di rimanere schiacciato da un sistema che in realt\u00e0 non mira a rieducare l\u2019uomo. Forse per questo molti detenuti preferiscono non cambiare e fingersi sempre dei duri, per difendersi dalla sofferenza della detenzione e sopravvivere. Mi creda, in Italia la prigione \u00e8 l&#8217;anti-vita, perch\u00e9 nella stragrande maggioranza dei casi qui da noi il carcere ti vuole solo sottomettere e distruggere. Non penso certo che quelli che stanno in carcere siano migliori di quelli fuori, forse per\u00f2 in molti casi non sono neppure peggiori, ma con il passare del tempo lo diventeranno se vengono trattati come rifiuti della societ\u00e0.<br \/>\nSignor Ministro, fra queste mura si hanno poche possibilit\u00e0 di scelta, perch\u00e9 spesso \u00e8 &#8220;l&#8217;Assassino dei Sogni&#8221; (il carcere come lo chiamo io) che condiziona come, quando e cosa pensare. Purtroppo, va a finire che spesso si dimentica chi e cosa siamo, col rischio di diventare cosa fra le cose.<br \/>\nSignor Ministro, mi permetto di citare un brano della tesi di laurea di una volontaria, <strong>Anna Maria Buono<\/strong>:<br \/>\n&#8220;<em>La mia esperienza di relazione di aiuto si svolge in questa struttura alternativa al carcere situata a Monte Colombo, della Comunit\u00e0 Papa Giovanni XXIII. \u00c8 una casa colonica, in mezzo al verde, abbastanza grande da ospitare una ventina di persone. Ha un grande cortile da cui si accede all&#8217;entrata principale, sulla quale spicca un grande cartello in cui \u00e8 scritto &#8220;L&#8217;uomo non \u00e8 il suo errore&#8221;. (&#8230;) C\u2019\u00e8 un grande salone di soggiorno, una grande cucina, un laboratorio per il lavoro, e le camere con i letti a castello. Completa il tutto un orto, un pollaio, un cortile dove si passeggia, si gioca, si prepara il barbecue, una piccola palestra all\u2019aperto. Qui non vi sono cancelli, sbarre, tutte le porte e finestre sono aperte, non vi sono guardie<\/em>.\u201d<\/p>\n<p>Signor Ministro, dalle notizie di stampa il nuovo carcere di Rovigo \u00e8 costato 30 milioni, ma non sarebbe stato meglio investire quel denaro in strutture alternative al carcere come questa appena citata?<br \/>\nUn sorriso fra le sbarre.<\/p><\/blockquote>\n","protected":false},"excerpt":{"rendered":"<p>Lo scorso 29 febbraio, si \u00e8 inaugurato a Rovigo il nuovo penitenziario alla presenza dei ministri Andrea Orlando e Graziano Delrio. La struttura ospiter\u00e0 una settantina di detenuti a fronte di 72 agenti di Polizia penitenziaria e otto impiegati ministeriali. Costo dell\u2019intervento circa 29 milioni di euro. Carmelo Musumeci, ergastolano rinchiuso nel carcere di Padova [&hellip;]<\/p>\n","protected":false},"author":1,"featured_media":0,"comment_status":"open","ping_status":"open","sticky":false,"template":"","format":"image","meta":{"ngg_post_thumbnail":0,"footnotes":""},"categories":[1,3],"tags":[117,95,96],"class_list":["post-1741","post","type-post","status-publish","format-image","hentry","category-politica","category-sociale","tag-carmelo-musumeci","tag-ergastolo","tag-pena-di-morte","post_format-post-format-image"],"_links":{"self":[{"href":"https:\/\/www.paparella.it\/blog\/wp-json\/wp\/v2\/posts\/1741","targetHints":{"allow":["GET"]}}],"collection":[{"href":"https:\/\/www.paparella.it\/blog\/wp-json\/wp\/v2\/posts"}],"about":[{"href":"https:\/\/www.paparella.it\/blog\/wp-json\/wp\/v2\/types\/post"}],"author":[{"embeddable":true,"href":"https:\/\/www.paparella.it\/blog\/wp-json\/wp\/v2\/users\/1"}],"replies":[{"embeddable":true,"href":"https:\/\/www.paparella.it\/blog\/wp-json\/wp\/v2\/comments?post=1741"}],"version-history":[{"count":3,"href":"https:\/\/www.paparella.it\/blog\/wp-json\/wp\/v2\/posts\/1741\/revisions"}],"predecessor-version":[{"id":1747,"href":"https:\/\/www.paparella.it\/blog\/wp-json\/wp\/v2\/posts\/1741\/revisions\/1747"}],"wp:attachment":[{"href":"https:\/\/www.paparella.it\/blog\/wp-json\/wp\/v2\/media?parent=1741"}],"wp:term":[{"taxonomy":"category","embeddable":true,"href":"https:\/\/www.paparella.it\/blog\/wp-json\/wp\/v2\/categories?post=1741"},{"taxonomy":"post_tag","embeddable":true,"href":"https:\/\/www.paparella.it\/blog\/wp-json\/wp\/v2\/tags?post=1741"}],"curies":[{"name":"wp","href":"https:\/\/api.w.org\/{rel}","templated":true}]}}