{"id":1603,"date":"2015-07-14T07:32:33","date_gmt":"2015-07-14T05:32:33","guid":{"rendered":"http:\/\/www.paparella.it\/blog\/?p=1603"},"modified":"2015-07-14T07:38:17","modified_gmt":"2015-07-14T05:38:17","slug":"magrone-nel-segno-della-continuita-dimentica-la-delega-al-lavoro","status":"publish","type":"post","link":"https:\/\/www.paparella.it\/blog\/magrone-nel-segno-della-continuita-dimentica-la-delega-al-lavoro\/","title":{"rendered":"Magrone, nel segno della continuit\u00e0 \u201cdimentica\u201d la \u201cDelega al lavoro\u201d"},"content":{"rendered":"<p>Gli elettori modugnesi con il voto del 31 maggio scorso hanno ridato a <strong>Magrone<\/strong> il comando della nave per riprendere la navigazione interrotta bruscamente con le <a href=\"https:\/\/www.paparella.it\/blog\/2014\/09\/modugno-non-ha-bisogno-di-salvatori-della-patria\/\">dimissioni di tredici consiglieri comunali il 22 agosto 2014<\/a>.<\/p>\n<p>Eletto sindaco per la seconda volta, l\u2019ex magistrato ha affermato di essersi dato una Giunta nel segno della continuit\u00e0. Quasi a voler sanare il trauma socio-politico perpetrato dai \u201c<em>tredici<\/em>\u201d, stigmatizzare il primato della volont\u00e0 popolare sulle sovrastrutture politiche, far tacere \u201c<em>il piccio<\/em>\u201d dei singoli, che spesso decidono diversamente dal sentire comune, ed infine, come egli stesso ha detto, \u201c<em>riprendere da dove ci hanno costretti a lasciare<\/em>\u201d.<br \/>\nMesse cos\u00ec le cose trovano spazio e giustificazione le riconferme assessorili di <strong>Banchino<\/strong>, <strong>Scardigno<\/strong> e <strong>Luciano<\/strong>.<br \/>\nE gli altri? Surclassati, dal momento che la scelta \u00e8 ricaduta su persone che, dice sempre Magrone, per le loro competenze, possono dare una risposta pi\u00f9 adeguata ai problemi di Modugno, a prescindere dall\u2019area politica di appartenenza.<\/p>\n<p>Una novit\u00e0. Il merito e la competenza diventano criterio di valutazione e scelta. Non \u00e8 stato cos\u00ec nella precedente esperienza amminstrativa a guida Magrone, dove alcuni ruoli sono stati ricoperti da persone impreparate, prive di professionalit\u00e0 e talvolta incapaci di affrontare le funzioni che ricoprivano.<br \/>\nComunque sia, Magrone \u00e8 di nuovo sindaco e la sua Giunta operativa. Adesso, come si dice, lasciamoli lavorare.<br \/>\nDue cose per\u00f2 possiamo gi\u00e0 dirle.<br \/>\nLa prima \u00e8 la pregievole iniziativa di introdurre la delega ai \u201c<strong>Diritti degli animali<\/strong>\u201d. Sconsiderata mi appare invece l\u2019assenza di quella alle \u201c<strong>Politiche del lavoro<\/strong>\u201d e alle \u201c<strong>Politiche comunitarie<\/strong>\u201d.<br \/>\nRicordo che tali deleghe erano presente nella prima amministrazione Magrone.<br \/>\nE allora, visto che si tratta di continuit\u00e0 o ripresa di un lavoro interrotto, perch\u00e8 mai con la nuova amministrazione tali deleghe scompaiono?<br \/>\nEppure il sindaco parlando di economia ha affermato che ci troviamo di fronte ad una \u201c<em>crisi economica che non si allontana<\/em>&#8220;. Ed io aggiungo che la disoccupazione tra i giovani e delle donne in particolare, \u00e8 notevolmente aumentata da quando la crisi ha iniziato a mordere. E che anche gli over cinquanta sono stati travolti e lasciati soli in mezzo al guado, senza poter raggiungere una sponda o l\u2019altra (difficolt\u00e0 a trovare un nuovo lavoro e troppo giovani per una pensione).<br \/>\nLa disoccupazione \u00e8 cos\u00ec grave in Italia, da indurre il neo presidente del\u2019Inps <strong>Boeri<\/strong> a presentare al Governo l\u2019istituzione di un un \u201c<strong>reddito minimo garantito<\/strong>\u201d per arginare le nuove forme di povert\u00e0 e di esclusione sociale.<br \/>\nLe stime ufficiali parlano di una disoccupazione attestata al 42% tra i giovani, ma la realt\u00e0 \u00e8 molto pi\u00f9 profonda ed estesa. L\u2019analisi dei dati distribuiti geograficamente mostrano un meridione da \u201c<strong>Piano Marshall<\/strong>\u201d con una disoccupazione giovanile che supera abbondantemente il 60%. E\u2019 un vero e proprio dramma sociale che tiene fuori dal mercato del lavoro due generazioni.\u00a0(<a href=\"https:\/\/www.paparella.it\/blog\/?s=disoccupazione&amp;submit.x=0&amp;submit.y=0&amp;post_type=post\">Se hai voglia leggi alcune riflessioni a riguardo<\/a>).<\/p>\n<p>Sindaco, e allora per quale ragione non ha (re)istituito la \u201cDelega al lavoro\u201d come quella alle \u201cPolitiche comunitarie\u201d?<\/p>\n<p>Certo la presenza di una delega non risolve di per s\u00e9 il problema ma non v\u2019\u00e8 dubbio che esprime una precisa volont\u00e0 politica ad affrontare il problema.<br \/>\nIl Paese ha bisogno di tutti i livelli istituzionali per fronteggiare la disoccupazione e i comuni dovrebbero essere in trincea da questo punto di vista non foss\u2019altro perch\u00e8 ultimo presidio prima del baratro.<\/p>\n<p>\u201c<em>Questa amministrazione sar\u00e0 orgogliosa di ricevere proposte, sia dall\u2019opposizione sia dalla comunit\u00e0 e dai singoli cittadini<\/em>\u201c, \u00e8 stato un suo accorato appello alla cittadinanza.<br \/>\nE allora, Sindaco, raccolgo l\u2019invito e le propongo di assegnare una \u201cDelega al lavoro e Politiche comunitarie\u201d individuando un centro di competenza e responsabilit\u00e0 politica pubblicamente riconoscibile, la cui attivit\u00e0 sia misurabile in termini di efficenza ed efficacia e, se lo ritiene opportuno, proporre al Consiglio comunale la costituzione di una \u201cCommissione speciale\u201d sul lavoro, invocando l\u2019Art. 13, lettera a, dello Statuto comunale, che affianchi l\u2019attivit\u00e0 politica di riferimento, magari coinvolgendo la componente giovanile che l\u2019ha sostenuta tenacemente nell\u2019ultima campagna elettorale che ha creduto nel suo progetto politico.<br \/>\nMa prima di tutto, metta ordine e renda coerente la struttura amministrativa con il progetto di riorganizzazione del Comune approvato con DELIBERAZIONE COMMISSARIALE N. 35 del 16\/04\/2013), perch\u00e8 da questo punto di vista (lavoro, politiche comunitarie, politiche giovanili, attivit\u00e0 produttive, marketing territoriale, etc.etc.) il comune \u00e8 un vero ginepraio, e a Modugno, ci sono pesci che sguazzano bene quando l&#8217;acqua \u00e8 torbida.<\/p>\n<p>&nbsp;<\/p>\n","protected":false},"excerpt":{"rendered":"<p>Gli elettori modugnesi con il voto del 31 maggio scorso hanno ridato a Magrone il comando della nave per riprendere la navigazione interrotta bruscamente con le dimissioni di tredici consiglieri comunali il 22 agosto 2014. Eletto sindaco per la seconda volta, l\u2019ex magistrato ha affermato di essersi dato una Giunta nel segno della continuit\u00e0. Quasi [&hellip;]<\/p>\n","protected":false},"author":1,"featured_media":0,"comment_status":"open","ping_status":"open","sticky":false,"template":"","format":"standard","meta":{"ngg_post_thumbnail":0,"footnotes":""},"categories":[8,1,3],"tags":[17,87,24],"class_list":["post-1603","post","type-post","status-publish","format-standard","hentry","category-economia","category-politica","category-sociale","tag-cittadini","tag-reddito-minimo-garantito","tag-sindaco"],"_links":{"self":[{"href":"https:\/\/www.paparella.it\/blog\/wp-json\/wp\/v2\/posts\/1603","targetHints":{"allow":["GET"]}}],"collection":[{"href":"https:\/\/www.paparella.it\/blog\/wp-json\/wp\/v2\/posts"}],"about":[{"href":"https:\/\/www.paparella.it\/blog\/wp-json\/wp\/v2\/types\/post"}],"author":[{"embeddable":true,"href":"https:\/\/www.paparella.it\/blog\/wp-json\/wp\/v2\/users\/1"}],"replies":[{"embeddable":true,"href":"https:\/\/www.paparella.it\/blog\/wp-json\/wp\/v2\/comments?post=1603"}],"version-history":[{"count":3,"href":"https:\/\/www.paparella.it\/blog\/wp-json\/wp\/v2\/posts\/1603\/revisions"}],"predecessor-version":[{"id":1606,"href":"https:\/\/www.paparella.it\/blog\/wp-json\/wp\/v2\/posts\/1603\/revisions\/1606"}],"wp:attachment":[{"href":"https:\/\/www.paparella.it\/blog\/wp-json\/wp\/v2\/media?parent=1603"}],"wp:term":[{"taxonomy":"category","embeddable":true,"href":"https:\/\/www.paparella.it\/blog\/wp-json\/wp\/v2\/categories?post=1603"},{"taxonomy":"post_tag","embeddable":true,"href":"https:\/\/www.paparella.it\/blog\/wp-json\/wp\/v2\/tags?post=1603"}],"curies":[{"name":"wp","href":"https:\/\/api.w.org\/{rel}","templated":true}]}}