{"id":1431,"date":"2015-01-12T13:19:25","date_gmt":"2015-01-12T12:19:25","guid":{"rendered":"http:\/\/www.paparella.it\/blog\/?p=1431"},"modified":"2016-09-03T12:21:06","modified_gmt":"2016-09-03T10:21:06","slug":"europa-allez","status":"publish","type":"post","link":"https:\/\/www.paparella.it\/blog\/europa-allez\/","title":{"rendered":"Europa, allez!"},"content":{"rendered":"<figure id=\"attachment_1441\" aria-describedby=\"caption-attachment-1441\" style=\"width: 1024px\" class=\"wp-caption alignnone\"><a href=\"https:\/\/www.paparella.it\/blog\/wp-content\/uploads\/2015\/01\/Place-de-la-republique331.jpg\"><img fetchpriority=\"high\" decoding=\"async\" class=\"size-large wp-image-1441\" src=\"https:\/\/www.paparella.it\/blog\/wp-content\/uploads\/2015\/01\/Place-de-la-republique331-1024x583.jpg\" alt=\"Credit Raffaele Paparella\" width=\"1024\" height=\"583\" srcset=\"https:\/\/www.paparella.it\/blog\/wp-content\/uploads\/2015\/01\/Place-de-la-republique331-1024x583.jpg 1024w, https:\/\/www.paparella.it\/blog\/wp-content\/uploads\/2015\/01\/Place-de-la-republique331-300x170.jpg 300w\" sizes=\"(max-width: 1024px) 100vw, 1024px\" \/><\/a><figcaption id=\"caption-attachment-1441\" class=\"wp-caption-text\">Paris, Place de la Republique (Credit Raffaele Paparella)<\/figcaption><\/figure>\n<p>A Parigi, con la <em>Marche r\u00e9publicaine<\/em> , si \u00e8 scritta una delle pagine pi\u00f9 esaltanti della storia recente, non solo della V Repubblica francese di <strong>Charles de Gaulle<\/strong>, ma dell\u2019intera Unione Europea. I leader politici di tutto il mondo, assieme ai rappresentanti delle comunit\u00e0 cristiane, ebraiche e musulmane, hanno sfilato tenendosi sottobraccio, lungo il Boulevard che congiunge <strong>Place de la Republique<\/strong> a<strong> Place de la Bastille<\/strong>, lambendo il <strong>Marais<\/strong>. Quasi a voler simbolicamente toccare i luoghi della tragedia, ma nel contempo contrapporre, i Diritti Universali dell\u2019Uomo, sanciti con la Rivoluzione francese del 1789, alla barbarie consumata negli attentati alla redazione di<strong> Clarlie Habdo<\/strong> e ai magazzini ebraici <strong>Kosher<\/strong>.<\/p>\n<p>La domanda di fondo, se la convivenza pacifica tra popoli con tradizione culturali e religioni diverse tra loro \u00e8 possibile, resta ed \u00e8 tutta da costruire. Ma una risposta importante in tal senso l\u2019Europa, e pi\u00f9 in generale l\u2019Occidente, a Parigi, l\u2019ha data. La Francia laica vive e sperimenta quotidianamente uno spazio politico-sociale comune entro il quale tutti hanno diritto di cittadinanza e diritto di professare la propria religione, in uno stato di diritto che ha come fondamento la Carta Costituzionale e non la Bibbia, il Corano o la Torah. Questo hanno voluto affermare i milioni di cittadini d&#8217;Europa che hanno manifestato a Parigi partecipando alla Marcia repubblicana.<\/p>\n","protected":false},"excerpt":{"rendered":"<p>A Parigi, con la Marche r\u00e9publicaine , si \u00e8 scritta una delle pagine pi\u00f9 esaltanti della storia recente, non solo della V Repubblica francese di Charles de Gaulle, ma dell\u2019intera Unione Europea. I leader politici di tutto il mondo, assieme ai rappresentanti delle comunit\u00e0 cristiane, ebraiche e musulmane, hanno sfilato tenendosi sottobraccio, lungo il Boulevard [&hellip;]<\/p>\n","protected":false},"author":1,"featured_media":0,"comment_status":"open","ping_status":"open","sticky":false,"template":"","format":"standard","meta":{"ngg_post_thumbnail":0,"footnotes":""},"categories":[1,3],"tags":[122,17,9],"class_list":["post-1431","post","type-post","status-publish","format-standard","hentry","category-politica","category-sociale","tag-charlie-hebdo","tag-cittadini","tag-liberta"],"_links":{"self":[{"href":"https:\/\/www.paparella.it\/blog\/wp-json\/wp\/v2\/posts\/1431","targetHints":{"allow":["GET"]}}],"collection":[{"href":"https:\/\/www.paparella.it\/blog\/wp-json\/wp\/v2\/posts"}],"about":[{"href":"https:\/\/www.paparella.it\/blog\/wp-json\/wp\/v2\/types\/post"}],"author":[{"embeddable":true,"href":"https:\/\/www.paparella.it\/blog\/wp-json\/wp\/v2\/users\/1"}],"replies":[{"embeddable":true,"href":"https:\/\/www.paparella.it\/blog\/wp-json\/wp\/v2\/comments?post=1431"}],"version-history":[{"count":11,"href":"https:\/\/www.paparella.it\/blog\/wp-json\/wp\/v2\/posts\/1431\/revisions"}],"predecessor-version":[{"id":1449,"href":"https:\/\/www.paparella.it\/blog\/wp-json\/wp\/v2\/posts\/1431\/revisions\/1449"}],"wp:attachment":[{"href":"https:\/\/www.paparella.it\/blog\/wp-json\/wp\/v2\/media?parent=1431"}],"wp:term":[{"taxonomy":"category","embeddable":true,"href":"https:\/\/www.paparella.it\/blog\/wp-json\/wp\/v2\/categories?post=1431"},{"taxonomy":"post_tag","embeddable":true,"href":"https:\/\/www.paparella.it\/blog\/wp-json\/wp\/v2\/tags?post=1431"}],"curies":[{"name":"wp","href":"https:\/\/api.w.org\/{rel}","templated":true}]}}