{"id":1361,"date":"2014-09-29T16:06:14","date_gmt":"2014-09-29T14:06:14","guid":{"rendered":"http:\/\/www.paparella.it\/blog\/?p=1361"},"modified":"2014-09-29T16:20:14","modified_gmt":"2014-09-29T14:20:14","slug":"articolo-18-inutile-meglio-mercato-del-lavoro-e-reddito-minimo-garantito","status":"publish","type":"post","link":"https:\/\/www.paparella.it\/blog\/articolo-18-inutile-meglio-mercato-del-lavoro-e-reddito-minimo-garantito\/","title":{"rendered":"Articolo 18 inutile, meglio mercato del lavoro e Reddito Minimo Garantito!"},"content":{"rendered":"<p>Oggi si riunisce la Direzione PD per discutere sulla linea del partito da tenere sulla riforma del mercato del lavoro (Jobs Act). Sar\u00e0 battaglia sull\u2019articolo 18 della legge n.300 del 1970 da parte dell\u2019ala conservatrice del PD (D\u2019Alema, Bersani, Fassina, Cuperlo, Civati, Orfini, etc). Mantenere l\u2019articolo 18 cos\u00ec com\u2019\u00e8 \u00e8 da conservatori, atteggiamento tenuto anche da alcuni sindacati, incapaci di ridisegnare il ruolo di un nuovo sindacalismo, in una societ\u00e0 che non \u00e8 pi\u00f9 quella del lavoro.<\/p>\n<p>I passatisti della politica (vecchi e nuovi) sventolano la bandiera dei diritti dopo 40 anni di silenzio e letargia su chi quel diritto non l\u2019ha mai avuto.<br \/>\nL\u2019articolo 18 va rivisto, mantenuto nei casi di discriminazione e modificato per il resto, non perch\u00e8 vetusto, ma semplicemente perch\u00e8 inadeguato, rivelatosi come un \u201cprivilegio\u201d di pochi, come lo \u00e8 la differenziazione tra pubblico e privato nella regolamentazione dei licenziamenti.<\/p>\n<p>Dopo 40 anni possiamo decretare il fallimento dell&#8217;articolo 18 a dirimere il conflitto tra lavoratore e datore di lavoro, in un mondo trasformato e totalmente diverso dal contesto che l\u2019ha generato.<\/p>\n<p>Chiediamoci infatti dove sono e quanti sono i lavoratori licenziati e reintegrati grazie all\u2019articolo 18.<br \/>\nNon \u00e8 forse un paradosso o peggio ancora demagogia, far finta di lottare per alcune centinaia di persone e lasciare fuori milioni di lavoratori senza tutela e milioni di persone senza lavoro, senza reddito, senza diritti?<br \/>\nE\u2019 questa la politica ed il sindacalismo del XXI secolo?<br \/>\nPiuttosto spostiamo l\u2019attenzione dal posto di lavoro al mercato del lavoro e nel contempo affermiamo il diritto di tutti ad un Reddito Minimo Garantito.<\/p>\n","protected":false},"excerpt":{"rendered":"<p>Oggi si riunisce la Direzione PD per discutere sulla linea del partito da tenere sulla riforma del mercato del lavoro (Jobs Act). Sar\u00e0 battaglia sull\u2019articolo 18 della legge n.300 del 1970 da parte dell\u2019ala conservatrice del PD (D\u2019Alema, Bersani, Fassina, Cuperlo, Civati, Orfini, etc). Mantenere l\u2019articolo 18 cos\u00ec com\u2019\u00e8 \u00e8 da conservatori, atteggiamento tenuto anche [&hellip;]<\/p>\n","protected":false},"author":1,"featured_media":0,"comment_status":"open","ping_status":"open","sticky":false,"template":"","format":"standard","meta":{"ngg_post_thumbnail":0,"footnotes":""},"categories":[8,1,3],"tags":[17,87],"class_list":["post-1361","post","type-post","status-publish","format-standard","hentry","category-economia","category-politica","category-sociale","tag-cittadini","tag-reddito-minimo-garantito"],"_links":{"self":[{"href":"https:\/\/www.paparella.it\/blog\/wp-json\/wp\/v2\/posts\/1361","targetHints":{"allow":["GET"]}}],"collection":[{"href":"https:\/\/www.paparella.it\/blog\/wp-json\/wp\/v2\/posts"}],"about":[{"href":"https:\/\/www.paparella.it\/blog\/wp-json\/wp\/v2\/types\/post"}],"author":[{"embeddable":true,"href":"https:\/\/www.paparella.it\/blog\/wp-json\/wp\/v2\/users\/1"}],"replies":[{"embeddable":true,"href":"https:\/\/www.paparella.it\/blog\/wp-json\/wp\/v2\/comments?post=1361"}],"version-history":[{"count":7,"href":"https:\/\/www.paparella.it\/blog\/wp-json\/wp\/v2\/posts\/1361\/revisions"}],"predecessor-version":[{"id":1368,"href":"https:\/\/www.paparella.it\/blog\/wp-json\/wp\/v2\/posts\/1361\/revisions\/1368"}],"wp:attachment":[{"href":"https:\/\/www.paparella.it\/blog\/wp-json\/wp\/v2\/media?parent=1361"}],"wp:term":[{"taxonomy":"category","embeddable":true,"href":"https:\/\/www.paparella.it\/blog\/wp-json\/wp\/v2\/categories?post=1361"},{"taxonomy":"post_tag","embeddable":true,"href":"https:\/\/www.paparella.it\/blog\/wp-json\/wp\/v2\/tags?post=1361"}],"curies":[{"name":"wp","href":"https:\/\/api.w.org\/{rel}","templated":true}]}}