{"id":1321,"date":"2003-05-13T15:43:59","date_gmt":"2003-05-13T13:43:59","guid":{"rendered":"http:\/\/www.paparella.it\/blog\/?p=1321"},"modified":"2014-08-17T15:54:02","modified_gmt":"2014-08-17T13:54:02","slug":"sars-lettera-aperta-contro-gli-allarmismi-ingiustificati","status":"publish","type":"post","link":"https:\/\/www.paparella.it\/blog\/sars-lettera-aperta-contro-gli-allarmismi-ingiustificati\/","title":{"rendered":"Sars, lettera aperta contro gli allarmismi ingiustificati"},"content":{"rendered":"<p>Il portale <strong>Modugno.it<\/strong> vuole riconsiderare riflessivamente parte di quanto \u00e8 stato diffuso dagli organi di stampa sul problema della cosiddetta Sars (il coronavirus, portatore della polmonite atipica), ed in particolare gli articoli del 23 e del 24 aprile firmati da <strong>Cristina Zagaria<\/strong> su \u201cLa Repubblica \u201c di Bari (intitolati, rispettivamente, \u201cPolmonite, l\u2019incubo della festa patronale\u201d \u2013 occhiello, \u201ccos\u00ec si \u00e8 diffuso il virus che allarma la comunit\u00e0 di Modugno a Toronto\u201d \u2013 e \u201cA Modugno scatta il piano antivirus\u201d \u2013 occhiello, \u201callarme polmonite, riunione d\u2019emergenza tra sindaco ed esperti Asl\u201d).<\/p>\n<p>Tenendo fede alla principale attivit\u00e0 del portale, ossia contribuire ad una aggregazione e ad una ricomposizione culturale della modugnesit\u00e0 in tutte le sue manifestazioni, ovunque esse abbiano luogo, e nel contempo monitorare, a fini giornalistici e informativi, quanto accade nel Comune di Modugno e nei dintorni, nonch\u00e9 quanto si presenta in stretta relazione con esso, modugno.it si fa portavoce della presa di posizione forte e decisa da parte delle nostra comunit\u00e0 di Toronto.<\/p>\n<p>Sulla base di una specifica richiesta della \u201cColonia modugnese\u201d di Toronto, con la quale il portale intrattiene rapporti privilegiati, attraverso costanti contatti elettronici, telefonici, diretti, modugno.it riporta la testimonianza sincera e diretta del gruppo comunitario su quanto effettivamente avvenuto circa il problema della Sars, per smentire alcune notizie allarmistiche circolanti da tempo.<br \/>\nIl presidente della Comunit\u00e0, nella persona di<strong> Oronzo Mattiace<\/strong>, ed il Past President, nella persona di <strong>Domenic Trentadue<\/strong>, hanno sollecitato un nostro intervento di mediazione al fine di invitare \u201cLa Repubblica\u201d a smentire quanto \u00e8 stato scritto dalla Zagaria negli articoli anzidetti, nel suo stesso interesse e del bacino di lettori a cui si rivolge quotidianamente. Sarebbe d\u2019uopo, pertanto, che la testata in questione rivedesse la sua posizione e\/o pubblicasse immediatamente su una delle sue pagine interne un articolo di rettifica e di scuse, meglio se scritto dalla stessa redattrice del servizio, onde evitare in futuro altri spiacevoli inconvenienti.<br \/>\nIn un momento in cui gli stessi addetti ai lavori, vale a dire, i medici e gli scienziati, scoraggiano dalla formulazione di conclusioni affrettate su una malattia che sta mietendo molte vittime, non si possono sostenere affermazioni come le seguenti:<\/p>\n<ul>\n<li>a causa dei decessi dei modugnesi Giuseppe Grande e Luigi Romita a Toronto, tutta la Comunit\u00e0 modugnese \u00e8 stata messa in quarantena (una Comunit\u00e0, si badi bene, di pi\u00f9 di 7 mila persone);<\/li>\n<li>l\u2019effetto scatenante della malattia potrebbe essere stato con tutta probabilit\u00e0 la festa di San Giuseppe, al Regency Banquet Centre di Concord, una festa che ha visto la presenza di circa 400 persone;<\/li>\n<li>a\u00a0Modugno \u00e8 scattato il piano antivirus ed ogni rapporto col Canada \u00e8 stato congelato<\/li>\n<\/ul>\n<p>Per quanto riguarda il primo punto, i massimi rappresentanti della Comunit\u00e0 modugnese ci hanno scritto che \u201cnon \u00e8 assolutamente vero che tutta la Comunit\u00e0 modugnese di Toronto \u00e8 sotto quarantena\u201d. Inoltre, bisogna appurare se le dichiarazioni rese da <strong>Lidia P<\/strong>. alla giornalista de \u201cLa Repubblica\u201d (ma quest\u2019ultima non specifica che l\u2019interpellata vuole conservare l\u2019anonimato) \u2013 \u201cCi hanno detto di uscire solo con la mascherina e di osservare alcune regole per non contrarre il virus\u201d \u2013 siano la conseguenza di un\u2019ordinanza emanata ufficialmente o le precauzioni diffuse dagli organi locali.<br \/>\nDalla Comunit\u00e0 modugnese ci hanno fatto sapere pure che la festa di San Giuseppe non ha alcuna attinenza con la polmonite atipica: \u201cFu nell\u2019ospedale Scarborough Grace che il sig. <strong>Romita<\/strong> e il sig <strong>Grande<\/strong> furono contaminati dal virus\u201d; ci\u00f2 per la ragione che, tempo prima, una famiglia cinese di ritorno da Hong Kong fu ricoverata nella stessa struttura utilizzata dal Grande per un\u2019operazione tumorale. Questa \u00e8 la verit\u00e0. Dire, inoltre, che per l\u2019autorit\u00e0 sanitaria di Toronto le 400 persone presenti alla festa di San Giuseppe sarebbero a rischio Sars non significa nulla: potenzialmente, tutti siamo a rischio Sars. Infine, ha scritto la giornalista: \u201cSotto accusa \u00e8 la festa di San Giuseppe\u201d. Sotto accusa, da parte di chi?.<br \/>\nPer quanto riguarda il piano antivirus predisposto dal sindaco di Modugno <strong>Giuseppe Rana<\/strong>, va precisato che il primo cittadino si \u00e8 limitato ad aderire alle direttive dell\u2019Organizzazione Mondiale della Sanit\u00e0. In un comunicato ha scritto che la \u201csfortunata circostanza\u201d della malattia pu\u00f2 considerarsi superata, \u201ctenuto conto delle informazioni immediatamente assunte dal Canada\u201d. Molti membri della Comunit\u00e0 modugnese di Toronto sono rimasti molto addolorati e rattristati quando si sono messi in contatto con i rispettivi parenti di Modugno ed hanno ricevuto manifestazioni tiepide, quando non addirittura irriguardose. Hanno perci\u00f2 scritto che \u201cbisogna essere pi\u00f9 sinceri, aperti, onesti e precisi su quello che si dice e si scrive ed assumersi un senso maggiore di responsabilit\u00e0\u201d.<\/p>\n","protected":false},"excerpt":{"rendered":"<p>Il portale Modugno.it vuole riconsiderare riflessivamente parte di quanto \u00e8 stato diffuso dagli organi di stampa sul problema della cosiddetta Sars (il coronavirus, portatore della polmonite atipica), ed in particolare gli articoli del 23 e del 24 aprile firmati da Cristina Zagaria su \u201cLa Repubblica \u201c di Bari (intitolati, rispettivamente, \u201cPolmonite, l\u2019incubo della festa patronale\u201d [&hellip;]<\/p>\n","protected":false},"author":1,"featured_media":0,"comment_status":"open","ping_status":"open","sticky":false,"template":"","format":"standard","meta":{"ngg_post_thumbnail":0,"footnotes":""},"categories":[1,3],"tags":[31,33,41],"class_list":["post-1321","post","type-post","status-publish","format-standard","hentry","category-politica","category-sociale","tag-canada","tag-colonia-modugnese","tag-emigrazione"],"_links":{"self":[{"href":"https:\/\/www.paparella.it\/blog\/wp-json\/wp\/v2\/posts\/1321","targetHints":{"allow":["GET"]}}],"collection":[{"href":"https:\/\/www.paparella.it\/blog\/wp-json\/wp\/v2\/posts"}],"about":[{"href":"https:\/\/www.paparella.it\/blog\/wp-json\/wp\/v2\/types\/post"}],"author":[{"embeddable":true,"href":"https:\/\/www.paparella.it\/blog\/wp-json\/wp\/v2\/users\/1"}],"replies":[{"embeddable":true,"href":"https:\/\/www.paparella.it\/blog\/wp-json\/wp\/v2\/comments?post=1321"}],"version-history":[{"count":1,"href":"https:\/\/www.paparella.it\/blog\/wp-json\/wp\/v2\/posts\/1321\/revisions"}],"predecessor-version":[{"id":1322,"href":"https:\/\/www.paparella.it\/blog\/wp-json\/wp\/v2\/posts\/1321\/revisions\/1322"}],"wp:attachment":[{"href":"https:\/\/www.paparella.it\/blog\/wp-json\/wp\/v2\/media?parent=1321"}],"wp:term":[{"taxonomy":"category","embeddable":true,"href":"https:\/\/www.paparella.it\/blog\/wp-json\/wp\/v2\/categories?post=1321"},{"taxonomy":"post_tag","embeddable":true,"href":"https:\/\/www.paparella.it\/blog\/wp-json\/wp\/v2\/tags?post=1321"}],"curies":[{"name":"wp","href":"https:\/\/api.w.org\/{rel}","templated":true}]}}