{"id":1104,"date":"2013-10-09T00:37:38","date_gmt":"2013-10-08T22:37:38","guid":{"rendered":"http:\/\/www.paparella.it\/blog\/?p=1104"},"modified":"2013-10-17T08:37:22","modified_gmt":"2013-10-17T06:37:22","slug":"lampedusa-siamo-tutti-corresponsabili","status":"publish","type":"post","link":"https:\/\/www.paparella.it\/blog\/lampedusa-siamo-tutti-corresponsabili\/","title":{"rendered":"Lampedusa, siamo tutti corresponsabili!"},"content":{"rendered":"<p>&nbsp;<\/p>\n<figure style=\"width: 240px\" class=\"wp-caption alignright\"><a href=\"http:\/\/www.flickr.com\/photos\/25803316@N07\/2494723189\" target=\"_blank\" rel=\"noopener\"><img decoding=\"async\" class=\"zemanta-img-inserted zemanta-img-configured\" title=\"lampedusa\" alt=\"lampedusa\" src=\"http:\/\/farm4.static.flickr.com\/3137\/2494723189_9f819c5eb1_m.jpg\" width=\"240\" height=\"160\" \/><\/a><figcaption class=\"wp-caption-text\">lampedusa (Photo credit: noborder network)<\/figcaption><\/figure>\n<p>L\u2019emozione ti prende la gola, ti toglie la parola e la voglia di scrivere. Solo qualche minuto, prima di riprendere la vita. Ma il pensiero resta, si fa maturo e ti mette davanti allo specchio. Tu non reggi e abbassi lo sguardo.<\/p>\n<p>Loro sono l\u00ec, in fila, allineati come pacchi di biscotti sugli scaffali dei supermercati.\u00a0Ordinati, in silenzio. Finalmente liberi e sicuri protetti da una bara. Uguali a noi.<\/p>\n<p>Restano scolpite nella mente le immagini strazianti dell\u2019ennesima tragedia.<br \/>\nVergogna, ha detto il Santo Padre senza mezze parole.\u00a0Unica voce chiara e distinta in mezzo a tanto rumore.<\/p>\n<p>Uno, due, tre, e cos\u00ec via. Numeri allineati in un hangar a <strong>Lampedusa<\/strong>. Gli altri, gi\u00f9 in fondo al mare in attesa di un gesto di umanit\u00e0.<br \/>\nLa libert\u00e0 ha un costo e loro l\u2019hanno pagato. Senza goderne. Come le rivoluzioni, per chi le fa.<br \/>\nChiedevano sicurezza, per questo fuggivano. Non siamo stati capaci di assicurarla.<\/p>\n<p><strong>Westfalia<\/strong> nel 1648 sanc\u00ec la tolleranza tra i popoli in un\u2019Europa intollerante logorata dalle guerre di religione.<br \/>\nL\u2019Europa di oggi, non ostante l&#8217;esperienza di un passato recente continua a negare qualcosa che attraversa l\u2019Umanit\u00e0 nella sua Universalit\u00e0.\u00a0E mentre \u201cloro\u201d spingono, si ammassano, \u201cnoi\u201d li respingiamo. Non riusciamo ad abbattere quel muro che corre lungo il crinale che divide \u201cnoi\u201d da \u201cloro\u201d. Che va oltre le leggi e trova fondamento nelle nostre paure, nei nostri egoismi, nei nostri pregiudizi, nella nostra indifferenza.<br \/>\nNon c\u2019\u00e8 deterrente che potr\u00e0 impedire loro di sfidare la sorte. Cos\u2019hanno da perdere se non le loro catene!<br \/>\nE allora, subito un corridoio umanitario che dia una risposta umanitaria ad una domanda di sicurezza. Poi, possiamo sederci e discutere. Di tutto.<\/p>\n<p>Mi capita tra le mani uno scritto. La <strong>Rosa Bianca<\/strong>, un\u2019associazione che si ispira ai valori della <strong>Weisse Rose<\/strong> tedesca,\u00a0riscoprono per la circostanza, la forza di alcune parole scritte da quei ragazzi nel secondo volantino di resistenza al nazional-socialismo.<br \/>\nHo voluto condividerle con voi.<\/p>\n<p>&#8220;<em>\u00c8 questo il segno che i tedeschi sono abbruttiti nei loro pi\u00f9 intimi sentimenti umani? Che nessuna corda vibra in essi di fronte a simili azioni? Che sono ormai affondati in un sonno mortale dal quale nessun risveglio sar\u00e0 pi\u00f9 possibile, mai, giammai? Sembra cos\u00ec e cos\u00ec certamente \u00e8 se i tedeschi non usciranno finalmente da questo torpore (\u2026) se non parteciperanno al dolore di queste centinaia di migliaia di vittime. E dovranno provare non solo compassione per questo dolore, no, ma molto di pi\u00f9: corresponsabilit\u00e0. (\u2026) Ognuno vuole dirsi estraneo a questo tipo di corresponsabilit\u00e0, ognuno lo fa e poi ricade nel sonno con la coscienza pi\u00f9 serena e migliore. Ma egli non potr\u00e0 dirsi estraneo: ciascuno \u00e8 colpevole, colpevole, colpevole<\/em>!&#8221;<\/p>\n<div class=\"zemanta-pixie\" style=\"margin-top: 10px; height: 15px;\"><a class=\"zemanta-pixie-a\" title=\"Enhanced by Zemanta\" href=\"http:\/\/www.zemanta.com\/?px\" target=\"_blank\" rel=\"noopener\"><img decoding=\"async\" class=\"zemanta-pixie-img\" style=\"border: none; float: right;\" alt=\"Enhanced by Zemanta\" src=\"http:\/\/img.zemanta.com\/zemified_e.png?x-id=a197c4fc-0195-49a5-86ed-f607de061d2d\" \/><\/a><\/div>\n","protected":false},"excerpt":{"rendered":"<p>&nbsp; L\u2019emozione ti prende la gola, ti toglie la parola e la voglia di scrivere. Solo qualche minuto, prima di riprendere la vita. Ma il pensiero resta, si fa maturo e ti mette davanti allo specchio. Tu non reggi e abbassi lo sguardo. Loro sono l\u00ec, in fila, allineati come pacchi di biscotti sugli scaffali [&hellip;]<\/p>\n","protected":false},"author":1,"featured_media":0,"comment_status":"open","ping_status":"open","sticky":false,"template":"","format":"standard","meta":{"ngg_post_thumbnail":0,"footnotes":""},"categories":[1,3],"tags":[103,9,36,35,37],"class_list":["post-1104","post","type-post","status-publish","format-standard","hentry","category-politica","category-sociale","tag-lampedusa","tag-liberta","tag-nazismo","tag-resistenza","tag-rosa-bianca"],"_links":{"self":[{"href":"https:\/\/www.paparella.it\/blog\/wp-json\/wp\/v2\/posts\/1104","targetHints":{"allow":["GET"]}}],"collection":[{"href":"https:\/\/www.paparella.it\/blog\/wp-json\/wp\/v2\/posts"}],"about":[{"href":"https:\/\/www.paparella.it\/blog\/wp-json\/wp\/v2\/types\/post"}],"author":[{"embeddable":true,"href":"https:\/\/www.paparella.it\/blog\/wp-json\/wp\/v2\/users\/1"}],"replies":[{"embeddable":true,"href":"https:\/\/www.paparella.it\/blog\/wp-json\/wp\/v2\/comments?post=1104"}],"version-history":[{"count":9,"href":"https:\/\/www.paparella.it\/blog\/wp-json\/wp\/v2\/posts\/1104\/revisions"}],"predecessor-version":[{"id":1110,"href":"https:\/\/www.paparella.it\/blog\/wp-json\/wp\/v2\/posts\/1104\/revisions\/1110"}],"wp:attachment":[{"href":"https:\/\/www.paparella.it\/blog\/wp-json\/wp\/v2\/media?parent=1104"}],"wp:term":[{"taxonomy":"category","embeddable":true,"href":"https:\/\/www.paparella.it\/blog\/wp-json\/wp\/v2\/categories?post=1104"},{"taxonomy":"post_tag","embeddable":true,"href":"https:\/\/www.paparella.it\/blog\/wp-json\/wp\/v2\/tags?post=1104"}],"curies":[{"name":"wp","href":"https:\/\/api.w.org\/{rel}","templated":true}]}}