{"id":1085,"date":"2013-09-23T17:42:22","date_gmt":"2013-09-23T15:42:22","guid":{"rendered":"http:\/\/www.paparella.it\/blog\/?p=1085"},"modified":"2013-09-23T18:14:08","modified_gmt":"2013-09-23T16:14:08","slug":"difetto-di-comunicazione-o-di-mezzi","status":"publish","type":"post","link":"https:\/\/www.paparella.it\/blog\/difetto-di-comunicazione-o-di-mezzi\/","title":{"rendered":"Difetto di comunicazione o di mezzi?"},"content":{"rendered":"<p>Le convocazioni del Consiglio Comunale a Modugno possono essere lette in &#8220;anteprima&#8221; sui &#8220;Social Network&#8221;.<br \/>\nSul sito Istituzionale del Comune di Modugno, non \u00e8 dato sapere quando(?).<\/p>\n<div>Difetto di comunicazione o di mezzi?<\/div>\n<div>Nella storia recente di questo paese, i prodromi di una cattiva comunicazione istituzionale furono gettati dall&#8217;amministrazione Rana-bis nel 2007.<\/div>\n<div>Prima le cose andavano un po&#8217; meglio. I Consigli comunali erano diffusi e comunicati con una pluralit\u00e0 di fonti (manifesti, sito istituzionale, periodico del comune, media cartacei e online, newsletter, etc.) Addirittura l&#8217;indomani si poteva leggere online sul sito del comune il resoconto, le votazioni degli ordini del giorno e finanche alcuni passaggi significativi dei Consiglieri comunali. Successivamente, nel 2011, l&#8217;amministrazione Gatti, o meglio, il sindaco, sui social network ci sguazzava magnificamente e la comunicazione istituzionale, come una parabola, radeva il suolo. Ancora adesso sono visibili residui e piccole tracce sparse ovunque. L&#8217;amministrazione Magrone ad oggi, registro che &#8230; segue la scia! E, come le pecore, tutti nel burrone!<\/div>\n<div>Insomma, si comunica tanto altrove (ed \u00e8 bene), poco o nulla dove si deve. Dobbiamo recuperare!<\/div>\n<div><\/div>\n<div>Ed \u00e8 cos\u00ec che oggi, pomeriggio del 23 settembre 2013 a soli due giorni dal Consiglio comunale, ma sarebbe pi\u00f9 giusto dire un giorno, visto che c&#8217;\u00e8 la Festa Padronale di mezzo, ai cittadini modugnesi che consultano il sito internet del Comune per informarsi, non \u00e8 dato il diritto di sapere, e quindi di organizzarsi per partecipare, del prossimo Consiglio comunale.<\/div>\n<div><\/div>\n<div>&#8230; Gi\u00e0, dimenticavo, ci sono i manifesti!<\/div>\n<div><\/div>\n<div>\n<p>Mi permetto di far osservare che la cannibalizzazione dell&#8217;informazione istituzionale ha un doppio effetto negativo. Da un lato esautora le istituzioni allontanando i cittadini dai canali istituzionali e quindi dall&#8217;informazione &#8220;certificata&#8221;; dall&#8217;altro riconosce e quindi legittima (perch\u00e8 li utilizza) modalit\u00e0 che non potranno mai essere invocate come fonte informativa o comunicativa dell&#8217;Ente. Per giunta, raggiunge una parte dei cittadini e &#8220;obbliga&#8221; gli altri, coloro che vogliono tenersi informati, ad iscriversi e frequentare i social network, ignorando che la funzione primaria di quest&#8217;ultimi \u00e8 quello di amplificare e diffondere l&#8217;informazione e non surrogare la fonte istituzionale. Tutto ci\u00f2, oltre che ingenerare confusione, destabilizza analisi, riflessioni e interventi di natura politica e sociale, dal momento che nessuno potr\u00e0 invocare la fonte, in quanto essa, paradossalmente, pur se usata, potrebbe essere ripudiata proprio da coloro che la utilizzano, in quanto fonte non istituzionale e quindi inattendibile.<\/p>\n<div>La cosa buffa \u00e8 che TUTTI, e quando dico tutti, intendo dire maggioranza, minoranza e pseudo maggioranza-minoranza, si sono adeguati o forse non sanno e quindi tacciono.<\/div>\n<div>Beh almeno c&#8217;\u00e8 uniformit\u00e0!<\/div>\n<div><\/div>\n<div>Resta il fatto, ed \u00e8 questa la ragione principale per cui scrivo, che questo modo di fare comunicazione sul piano giuridico lede i diritti dei cittadini costituzionalmente tutelati, di informarsi ed essere informati (Art. 21 costituzione italiana). Infatti chi non ha un profilo Facebook come fa a sapere che il 25 settembre alle ore 18 c&#8217;\u00e8 Consiglio comunale?<\/div>\n<div>Sul piano politico il diritto all&#8217;informazione si manifesta come l\u2019espressione pi\u00f9 diretta del principio di democraticit\u00e0, dal momento che la nostra democrazia \u00e8 una democrazia partecipativa. La sua assenza quindi, un deficit democratico da colmare.<\/div>\n<\/div>\n<div><\/div>\n<div><a href=\"https:\/\/www.paparella.it\/blog\/2013\/09\/difetto-di-comunicazione-o-di-mezzi\/convocazione-25092013\/\" rel=\"attachment wp-att-1090\">Convocazione Consiglio comunale del 25.09.2013<\/a><\/div>\n","protected":false},"excerpt":{"rendered":"<p>Le convocazioni del Consiglio Comunale a Modugno possono essere lette in &#8220;anteprima&#8221; sui &#8220;Social Network&#8221;. Sul sito Istituzionale del Comune di Modugno, non \u00e8 dato sapere quando(?). Difetto di comunicazione o di mezzi? Nella storia recente di questo paese, i prodromi di una cattiva comunicazione istituzionale furono gettati dall&#8217;amministrazione Rana-bis nel 2007. Prima le cose [&hellip;]<\/p>\n","protected":false},"author":1,"featured_media":0,"comment_status":"open","ping_status":"open","sticky":false,"template":"","format":"standard","meta":{"ngg_post_thumbnail":0,"footnotes":""},"categories":[1,3],"tags":[17,30,22,24],"class_list":["post-1085","post","type-post","status-publish","format-standard","hentry","category-politica","category-sociale","tag-cittadini","tag-comunicazione","tag-costituzione","tag-sindaco"],"_links":{"self":[{"href":"https:\/\/www.paparella.it\/blog\/wp-json\/wp\/v2\/posts\/1085","targetHints":{"allow":["GET"]}}],"collection":[{"href":"https:\/\/www.paparella.it\/blog\/wp-json\/wp\/v2\/posts"}],"about":[{"href":"https:\/\/www.paparella.it\/blog\/wp-json\/wp\/v2\/types\/post"}],"author":[{"embeddable":true,"href":"https:\/\/www.paparella.it\/blog\/wp-json\/wp\/v2\/users\/1"}],"replies":[{"embeddable":true,"href":"https:\/\/www.paparella.it\/blog\/wp-json\/wp\/v2\/comments?post=1085"}],"version-history":[{"count":8,"href":"https:\/\/www.paparella.it\/blog\/wp-json\/wp\/v2\/posts\/1085\/revisions"}],"predecessor-version":[{"id":1093,"href":"https:\/\/www.paparella.it\/blog\/wp-json\/wp\/v2\/posts\/1085\/revisions\/1093"}],"wp:attachment":[{"href":"https:\/\/www.paparella.it\/blog\/wp-json\/wp\/v2\/media?parent=1085"}],"wp:term":[{"taxonomy":"category","embeddable":true,"href":"https:\/\/www.paparella.it\/blog\/wp-json\/wp\/v2\/categories?post=1085"},{"taxonomy":"post_tag","embeddable":true,"href":"https:\/\/www.paparella.it\/blog\/wp-json\/wp\/v2\/tags?post=1085"}],"curies":[{"name":"wp","href":"https:\/\/api.w.org\/{rel}","templated":true}]}}