{"id":1030,"date":"2013-09-08T23:00:36","date_gmt":"2013-09-08T21:00:36","guid":{"rendered":"http:\/\/www.paparella.it\/blog\/?p=1030"},"modified":"2013-09-08T23:03:44","modified_gmt":"2013-09-08T21:03:44","slug":"aboliamo-lergastolo","status":"publish","type":"post","link":"https:\/\/www.paparella.it\/blog\/aboliamo-lergastolo\/","title":{"rendered":"Aboliamo l&#8217;ergastolo!"},"content":{"rendered":"<figure style=\"width: 240px\" class=\"wp-caption alignright\"><a href=\"http:\/\/www.flickr.com\/photos\/22715327@N06\/4133126203\" target=\"_blank\" rel=\"noopener\"><img decoding=\"async\" class=\"zemanta-img-inserted zemanta-img-configured\" title=\"Set me free\" alt=\"Set me free\" src=\"http:\/\/farm3.static.flickr.com\/2601\/4133126203_614e0f12d2_m.jpg\" width=\"240\" height=\"160\" \/><\/a><figcaption class=\"wp-caption-text\">Set me free (Photo credit: Funky64 (www.lucarossato.com))<\/figcaption><\/figure>\n<p>L&#8217;ergastolo \u00e8 una forma di violenza inaudita perch\u00e8 nega l&#8217;aspirazione universale degli uomini ad avere speranza. Sul piano giuridico non pu\u00f2 farsi diritto solo perch\u00e8 istituzionalizzato, sul piano politico-filosofico non ha riscontri oggettivi che lo sostengono.<\/p>\n<p>Infatti c&#8217;\u00e8 da chiedersi chi \u00e8 quell&#8217;uomo che ha potuto concedere ad una sovranit\u00e0 (uomo o assemblea) il diritto a privarlo per sempre della propria libert\u00e0? Che \u00e8 come dire con quale diritto \u00a0uno Stato pu\u00f2 privare per sempre un uomo della propria libert\u00e0 se non con la forza e la violenza contro il volere di quest&#8217;ultimo. Non \u00e8 forse la libert\u00e0 il primo dei diritti naturali dell&#8217;Uomo nato ontologicamente libero? La libert\u00e0 \u00e8 un\u00a0diritto che nessun uomo ha mai potuto cedere ad un&#8217;altro uomo o assemblea.<\/p>\n<p>E quindi la privazione perpetua della libert\u00e0 di un uomo, pu\u00f2 configurarsi come violenza di una comunit\u00e0 che si definisce civile, verso un suo membro?<\/p>\n<p>E come pu\u00f2 la violenza farsi diritto solo perch\u00e8 portata dentro un ordinamento giuridico?<\/p>\n<p>Il diritto sar\u00e0 vero diritto se lo sar\u00e0 \u00a0o finir\u00e0 per assomigliare all&#8217;oggetto che tenta di regolare dalla cui distanza nasce la propria differenza (<strong>E.Resta<\/strong>).<\/p>\n<p>La detenzione \u00e8 un percorso di espiazione a cui non pu\u00f2 essere negata la possibilit\u00e0 di un reinserimento nella vita civile e sociale. Se cos\u00ec non fosse si configurerebbe, come afferma <strong>Carmelo Musumeci<\/strong> (ergastolano), una &#8220;pena di morte viva&#8221;.<\/p>\n<p><strong>Per le ragioni che ho espresso sosterr\u00f2 l&#8217;iniziativa dei Radicali<\/strong> che, a venticinque anni della morte e a trenta dall\u2019arresto di <strong>Enzo Tortora<\/strong>, ci riprovano. Il \u201cComitato Promotore dei Referendum\u201d presieduto da <strong>Marco Pannella<\/strong> ha depositato presso la Corte di Cassazione una serie di quesiti referendari per una \u201cGiustizia Giusta\u201d, \u00a0fra cui l\u2019abolizione dell\u2019ergastolo.<\/p>\n<p dir=\"ltr\">Da alcuni anni \u00e8 nato fra gli uomini ombra (gli ergastolani ostativi, come si chiamano fra loro) un vero e proprio movimento, spontaneo e autonomo, che lotta per l\u2019abolizione della \u201cPena di Morte Viva\u201d (come chiamiamo l\u2019ergastolo ostativo, che ti vieta qualsiasi possibilit\u00e0 di liberazione se non collabori, mettendo un altro in cella \u00a0al posto tuo).<\/p>\n<p dir=\"ltr\">E in questa battaglia di civilt\u00e0 e di diritto gli uomini ombra e i radicali lotteranno insieme.<\/p>\n<p>Ecco alcune dichiarazioni di<strong> Carmelo Musumeci<\/strong>, uno degli uomini ombra che da anni combatte per fare conoscere in Italia (Patria del Diritto Romano e della Cristianit\u00e0) la \u201cPena di Morte Viva\u201d:<\/p>\n<p dir=\"ltr\">&#8220;Imprigionare una persona per sempre \u00e8 come toglierle tutto e non lasciarle niente, solo la \u00a0sofferenza e la disperazione, perch\u00e9 con l\u2019ergastolo la vita diventa una malattia. La \u201cPena di Morte Viva\u201d supera i limiti della ragione e fa diventare gli uomini esclusivamente corpi parlanti.<\/p>\n<p dir=\"ltr\">L\u2019ergastolano non pu\u00f2 guardare in faccia il futuro. Pu\u00f2 solo guardare il tempo che va via. Per questo molti di noi se potessero scegliere preferirebbero morire subito, adesso, in questo momento, piuttosto che nel modo orribile, progressivamente e infinitamente spaventoso, di morire un po\u2019 tutti i giorni.<\/p>\n<p dir=\"ltr\">Gli ergastolani pi\u00f9 fortunati riescono ancora a sognare: i nostri sogni sono le uniche certezze della nostra vita e spesso sogniamo di riuscire ad avere un fine pena.<\/p>\n<p dir=\"ltr\">Anche gli ergastolani sono per la certezza della pena, \u00a0ma non ci fermiamo solo qui, \u00a0siamo anche per la certezza della fine della pena, \u00a0per avere un calendario in cella per segnare con una crocetta i giorni, i mesi, gli anni che passano.<\/p>\n<p dir=\"ltr\">Molti di noi non sanno pi\u00f9 chi sono, dove sono, n\u00e9 dove stiamo andando: non abbiamo nessun domani, solo un passato che non passa e corriamo verso la morte. Aiutateci a fermarci, aboliamo l\u2019ergastolo, fate vivere anche noi. &#8220;<\/p>\n<p dir=\"ltr\">La Costituzione Italiana all&#8217;art.\u00a027 comma 3 recita:<\/p>\n<p dir=\"ltr\"><em>&#8220;Le pene non possono consistere in trattamenti contrari al senso di umanit\u00e0 e devono tendere alla rieducazione del condannato<\/em>&#8220;<\/p>\n<p dir=\"ltr\">Il quesito referendario:<\/p>\n<p>&#8220;<strong><em>Volete voi che sia abrogato il codice penale approvato con Regio decreto 19 ottobre 1930, n. 1398 <\/em><\/strong><br \/>\n<strong><em>e successive modificazioni limitatamente all&#8217;articolo 17, comma 1, n. 2 che recita &#8220;l&#8217;ergastolo;&#8221; e <\/em><\/strong><br \/>\n<strong><em>all&#8217;articolo 22?<\/em><\/strong>&#8220;.<\/p>\n<div class=\"zemanta-pixie\" style=\"margin-top: 10px; height: 15px;\"><a class=\"zemanta-pixie-a\" title=\"Enhanced by Zemanta\" href=\"http:\/\/www.zemanta.com\/?px\" target=\"_blank\" rel=\"noopener\"><img decoding=\"async\" class=\"zemanta-pixie-img\" style=\"border: none; float: right;\" alt=\"Enhanced by Zemanta\" src=\"http:\/\/img.zemanta.com\/zemified_e.png?x-id=0aac8bd0-7f40-484d-bdfa-297bdcd2f61e\" \/><\/a><\/div>\n","protected":false},"excerpt":{"rendered":"<p>L&#8217;ergastolo \u00e8 una forma di violenza inaudita perch\u00e8 nega l&#8217;aspirazione universale degli uomini ad avere speranza. Sul piano giuridico non pu\u00f2 farsi diritto solo perch\u00e8 istituzionalizzato, sul piano politico-filosofico non ha riscontri oggettivi che lo sostengono. Infatti c&#8217;\u00e8 da chiedersi chi \u00e8 quell&#8217;uomo che ha potuto concedere ad una sovranit\u00e0 (uomo o assemblea) il diritto [&hellip;]<\/p>\n","protected":false},"author":1,"featured_media":0,"comment_status":"open","ping_status":"open","sticky":false,"template":"","format":"standard","meta":{"ngg_post_thumbnail":0,"footnotes":""},"categories":[1,3],"tags":[95,96],"class_list":["post-1030","post","type-post","status-publish","format-standard","hentry","category-politica","category-sociale","tag-ergastolo","tag-pena-di-morte"],"_links":{"self":[{"href":"https:\/\/www.paparella.it\/blog\/wp-json\/wp\/v2\/posts\/1030","targetHints":{"allow":["GET"]}}],"collection":[{"href":"https:\/\/www.paparella.it\/blog\/wp-json\/wp\/v2\/posts"}],"about":[{"href":"https:\/\/www.paparella.it\/blog\/wp-json\/wp\/v2\/types\/post"}],"author":[{"embeddable":true,"href":"https:\/\/www.paparella.it\/blog\/wp-json\/wp\/v2\/users\/1"}],"replies":[{"embeddable":true,"href":"https:\/\/www.paparella.it\/blog\/wp-json\/wp\/v2\/comments?post=1030"}],"version-history":[{"count":17,"href":"https:\/\/www.paparella.it\/blog\/wp-json\/wp\/v2\/posts\/1030\/revisions"}],"predecessor-version":[{"id":1073,"href":"https:\/\/www.paparella.it\/blog\/wp-json\/wp\/v2\/posts\/1030\/revisions\/1073"}],"wp:attachment":[{"href":"https:\/\/www.paparella.it\/blog\/wp-json\/wp\/v2\/media?parent=1030"}],"wp:term":[{"taxonomy":"category","embeddable":true,"href":"https:\/\/www.paparella.it\/blog\/wp-json\/wp\/v2\/categories?post=1030"},{"taxonomy":"post_tag","embeddable":true,"href":"https:\/\/www.paparella.it\/blog\/wp-json\/wp\/v2\/tags?post=1030"}],"curies":[{"name":"wp","href":"https:\/\/api.w.org\/{rel}","templated":true}]}}