{"id":1015,"date":"2013-04-10T17:27:58","date_gmt":"2013-04-10T15:27:58","guid":{"rendered":"http:\/\/www.paparella.it\/blog\/?p=1015"},"modified":"2013-04-10T17:29:39","modified_gmt":"2013-04-10T15:29:39","slug":"lettera-aperta-alla-comunita-modugnese","status":"publish","type":"post","link":"https:\/\/www.paparella.it\/blog\/lettera-aperta-alla-comunita-modugnese\/","title":{"rendered":"Lettera aperta alla comunit\u00e0 modugnese"},"content":{"rendered":"<p>La rivendicazione della candidatura a sindaco di <strong>Saverio Fragassi<\/strong> di alcune forze politiche o la primogenitura dei \u201c<a href=\"https:\/\/www.paparella.it\/blog\/wp-content\/uploads\/2013\/04\/Principi-e-valori-Progetto-Modugno.pdf\" target=\"_blank\">Principi e valori per un progetto politico della Citt\u00e0 di Modugno<\/a>\u201d ci interessa relativamente, nella misura in cui tutto ci\u00f2 serva a conseguire il risultato.<\/p>\n<p>Sono altre le questioni a cui teniamo e sulle quali fermamente non lasceremo passare alcuna dissimulazione o, peggio ancora, alcun singolo e\/o personalistico interesse.<br \/>\nCi interessa una citt\u00e0 in cui le persone tornino ad essere al centro delle scelte pubbliche, una citt\u00e0 nella quale le persone ritrovino la serenit\u00e0 ed il piacere di vivere sia quali individui che parte integrante della comunit\u00e0.<br \/>\nCi interessa una citt\u00e0 in cui vengano rispettati la libert\u00e0 e i diritti civili ed inviolabili delle persone in quanto \u201csoggetti\u201d e non \u201coggetti\u201d giuridici, senza alcun tipo di distinzione e\/o discriminazione.<br \/>\nCi interessa la sicurezza delle ragazze e dei ragazzi, delle donne e degli anziani, a casa come a scuola, o per le vie della citt\u00e0.<br \/>\nCi interessa la valorizzazione e la piena fruizione degli spazi pubblici.<br \/>\nCi interessa potenziare, proteggere e divulgare il nostro patrimonio ambientale, storico, artistico e culturale.<br \/>\nCi interessa una politica al servizio della comunit\u00e0 che passi attraverso persone competenti e responsabili la cui onest\u00e0, valore morale e senso delle istituzioni sia indiscutibile e garanzia per tutti, al di l\u00e0 delle parti. Cos\u00ec come ci interessa un\u2019amministrazione moderna, adeguata ai tempi, che funzioni e dia risposte a cittadini e imprese in tempi che siano i pi\u00f9 brevi possibili.<br \/>\nCi interessa superare il gap culturale tra il pubblico e il privato per garantire una Governance cittadina.<br \/>\nInsomma, ci interessa la buona politica, quella fatta di pratiche oneste e risolutrici, che guardi ai problemi di oggi e allo stesso tempo costruisca le fondamenta per un futuro pi\u00f9 stabile e sereno.<br \/>\nCi\u00f2 che ci preme rivendicare \u00e8 l\u2019orgoglio di aver messo in movimento una comunit\u00e0 ferma, stanca e delusa da tutti, attraverso un percorso condiviso, trasparente e democratico, che ha abbandonato il tatticismo anacronistico delle segreterie politiche, che spesso hanno perso di vista le complesse dinamiche socio-economiche del territorio (povert\u00e0, disoccupazione, crisi strutturale del sistema produttivo locale, etc.).<\/p>\n<p>E non \u00e8 un caso se attorno a quei principi e a quei valori condivisi nel documento abbiamo avvertito impellente l\u2019obbligo di stringere un \u201cPatto con la Citt\u00e0\u201d. Perch\u00e9 \u00e8 ad essa che dobbiamo dar conto del nostro operato. Ed \u00e8 proprio per questo che intendiamo aggregare sensibilit\u00e0 diverse presenti nel tessuto sociale modugnese, includendo competenze, professionalit\u00e0 e talenti che rimettino finalmente in movimento una comunit\u00e0 delusa dalla politica.<\/p>\n<p>Ci muoveremo come se attraversassimo un bosco di notte, al buio, solo con una candela accesa che illumina appena due passi da noi. Ma in libert\u00e0. Quella libert\u00e0 che ci consentir\u00e0 di intraprendere percorsi diversi, sentieri mai battuti prima, strade nuove e da sperimentare.<br \/>\nNoi non crediamo in mitiche terze vie, pensiamo invece che una societ\u00e0 aperta ci spinger\u00e0 e ci sproner\u00e0 in questo difficile cammino di rinascita della citt\u00e0; ed \u00e8 per questo che non temiamo, anzi riteniamo importante e costruttivo misurarci con tutti coloro che lo ritengano opportuno.<\/p>\n<p>Auspichiamo quindi che si avvii immediatamente la fase programmatica per organizzare il cambiamento e tradurre in azioni ed attivit\u00e0 i principi e i valori sottoscritti con la citt\u00e0. Noi lavoreremo affinch\u00e8 essi vengano perseguiti come pensati dal mondo associativo e da tutti coloro che intendono riconoscersi nel progetto iniziato nei mesi scorsi dalle associazioni <strong>Orizzonti Futuri, Pro Ambiente, Impegno Civile e Insieme per la vita<\/strong>.<br \/>\nQuesta \u00e8 per noi la cartina al tornasole!<\/p>\n<p>La candidatura di Saverio Fragassi a sindaco di Modugno \u00e8 solo l\u2019epilogo naturale di un percorso condiviso con la citt\u00e0.<\/p>\n<p>Modugno 10 aprile 2013<\/p>\n<p><strong>Coordinamento delle Associazioni<\/strong><br \/>\nOrizzonti Futuri<br \/>\nComitato Pro Ambiente<br \/>\nImpegno Civile<br \/>\nInsieme per servire la vita<\/p>\n","protected":false},"excerpt":{"rendered":"<p>La rivendicazione della candidatura a sindaco di Saverio Fragassi di alcune forze politiche o la primogenitura dei \u201cPrincipi e valori per un progetto politico della Citt\u00e0 di Modugno\u201d ci interessa relativamente, nella misura in cui tutto ci\u00f2 serva a conseguire il risultato. Sono altre le questioni a cui teniamo e sulle quali fermamente non lasceremo [&hellip;]<\/p>\n","protected":false},"author":1,"featured_media":0,"comment_status":"open","ping_status":"open","sticky":false,"template":"","format":"standard","meta":{"ngg_post_thumbnail":0,"footnotes":""},"categories":[1,3],"tags":[17,23,9],"class_list":["post-1015","post","type-post","status-publish","format-standard","hentry","category-politica","category-sociale","tag-cittadini","tag-elezioni","tag-liberta"],"_links":{"self":[{"href":"https:\/\/www.paparella.it\/blog\/wp-json\/wp\/v2\/posts\/1015","targetHints":{"allow":["GET"]}}],"collection":[{"href":"https:\/\/www.paparella.it\/blog\/wp-json\/wp\/v2\/posts"}],"about":[{"href":"https:\/\/www.paparella.it\/blog\/wp-json\/wp\/v2\/types\/post"}],"author":[{"embeddable":true,"href":"https:\/\/www.paparella.it\/blog\/wp-json\/wp\/v2\/users\/1"}],"replies":[{"embeddable":true,"href":"https:\/\/www.paparella.it\/blog\/wp-json\/wp\/v2\/comments?post=1015"}],"version-history":[{"count":5,"href":"https:\/\/www.paparella.it\/blog\/wp-json\/wp\/v2\/posts\/1015\/revisions"}],"predecessor-version":[{"id":1019,"href":"https:\/\/www.paparella.it\/blog\/wp-json\/wp\/v2\/posts\/1015\/revisions\/1019"}],"wp:attachment":[{"href":"https:\/\/www.paparella.it\/blog\/wp-json\/wp\/v2\/media?parent=1015"}],"wp:term":[{"taxonomy":"category","embeddable":true,"href":"https:\/\/www.paparella.it\/blog\/wp-json\/wp\/v2\/categories?post=1015"},{"taxonomy":"post_tag","embeddable":true,"href":"https:\/\/www.paparella.it\/blog\/wp-json\/wp\/v2\/tags?post=1015"}],"curies":[{"name":"wp","href":"https:\/\/api.w.org\/{rel}","templated":true}]}}